{"id":10637,"date":"2018-08-10T09:30:45","date_gmt":"2018-08-10T07:30:45","guid":{"rendered":"http:\/\/www.krakowfilmfestival.pl\/?p=10637\/"},"modified":"2018-08-10T09:30:45","modified_gmt":"2018-08-10T07:30:45","slug":"krakow-film-festival-catching-waves-at-the-43rd-gdynia-film-festival","status":"publish","type":"post","link":"https:\/\/www.krakowfilmfestival.pl\/en\/krakow-film-festival-catching-waves-at-the-43rd-gdynia-film-festival\/","title":{"rendered":"&#8220;Krakow Film Festival Catching Waves&#8221; at the 43rd Gdynia Film Festival"},"content":{"rendered":"<p><strong>The film programme of the 43<sup>rd<\/sup> Gdynia Film Festival includes\u00a0a total of 50\u00a0films participating in the Main Competition, Visions Apart Competition and\u00a0Short Film Competition, but also many non-competing sections. Among them, there are the films awarded at\u00a0Krakow Film Festival.<\/strong><\/p>\n<p> Thanks to the co-operation of the Gdynia Film Festival with\u00a0the Krakow Film Festival, the viewers in\u00a0Gdynia will have a chance to watch selected films, awarded\u00a0this year\u00a0in Krakow. In\u00a0the section &#8220;Krakow Film Festival Catching\u00a0Waves,&#8221; there are five films, the best documentary films and\u00a0one animated film.<\/p>\n<p> &#8220;On\u00a0the 15<sup>th<\/sup> anniversary of Krakow Film Foundation we will show in\u00a0Gdynia the films which we love the most: with\u00a0clear protagonists, strong subject matter, painstakingly made and sincere. At\u00a0the Gdynia Film Festival, we will present various faces of the contemporary documentary film and\u00a0one animated gem. Do not miss it,&#8221; says Krzysztof Gierat, the director of the Krakow Film Festival.<\/p>\n<p> <a href=\"https:\/\/www.krakowfilmfestival.pl\/58-kff\/filmy\/?film=o_ojcach_i_synach-2289\"><strong>&#8220;Of Fathers and\u00a0Sons,&#8221;<\/strong><\/a> directed by: Talal Derka<br \/>\n the Golden Horn for the director of the best film (the International Documentary Film Competition at the 58<sup>th<\/sup> KFF)<\/p>\n<p> How does the life of jihadists look like from close-up? The director won the trust of an Islamic fundamentalist&#8217;s family\u00a0with whom he spent over two years, filming their everyday life and their\u00a0fight against\u00a0the enemy. In\u00a0the shadow of the ongoing war, the youngest generation of jihadists is growing up.<\/p>\n<p> <a href=\"http:\/\/polishdocs.pl\/pl\/filmy\/ukonczone\/1671\/over_the_limit\"><strong>&#8220;Over the Limit,&#8221;<\/strong><\/a> directed by: Marta Prus<br \/>\n the Silver Hobby-Horse for the director of the best documentary film (the Polish Competition at the 58<sup>th<\/sup> KFF)<\/p>\n<p> Twenty-year-old Russian Margarita Mamun trains rhythmic gymnastics. In\u00a0her preparations for\u00a0the Olympics in\u00a0Rio de\u00a0Janeiro, she is helped by two coaches, who represent different approaches to\u00a0sport success and\u00a0start\u00a0different relationships with\u00a0the protagonist.<\/p>\n<p> <a href=\"http:\/\/polishdocs.pl\/pl\/filmy\/ukonczone\/1869\/milosc_bezwarunkowa\"><strong>&#8220;Unconditional love,&#8221;<\/strong><\/a> directed by: Rafa\u0142 \u0141ysak<br \/>\n the Golden Hobby-Horse for the director of the best film (the Polish Competition at the 58<sup>th<\/sup>\u00a0 KFF)<\/p>\n<p> The self-reflective character of the documentary film by Rafa\u0142 \u0141ysak allows us to come closer to an unusual relationship between a twentysomething and\u00a0his grandma.The woman cannot accept her grandson&#8217;s homosexuality, even though he is\u00a0someone very important to her.<\/p>\n<p> <a href=\"http:\/\/polishdocs.pl\/pl\/filmy\/ukonczone\/1842\/siostry\"><strong>&#8220;Sisters,&#8221;<\/strong><\/a> directed by: Micha\u0142 Hytro\u015b<br \/>\n the Silver Dragon for the best documentary film (the International Short Film Competition at the 58<sup>th<\/sup> KFF)<\/p>\n<p> Stani\u0105tki near Krakow: behind\u00a0a centuries-old wall, the oldest Benedictine nunnery in Poland hides. Its inhabitants are cheerful elderly ladies who do not avoid\u00a0jokes, puns and\u00a0small pointed utterances. The camera watches their work and\u00a0prayer.<\/p>\n<p> <a href=\"http:\/\/www.polishanimations.pl\/pl\/filmy\/ukonczone\/1882\/iii\"><strong>&#8220;III,&#8221;<\/strong><\/a> directed by:Marta Pajek<br \/>\n the Silver Hobby-Horse for the director of the best animated film (the Polish Competition at the 58th KFF)<\/p>\n<p> Another part of the animated triptych, in\u00a0which the author returns to the concept of impossible figures.This time, the concept\u00a0is supposed to illustrate men-women\u2019s relations.<\/p>\n<p>More information about\u00a0films (<a href=\"http:\/\/www.festiwalgdynia.pl\/en\/program\/filmy\/-100-_kff-na-fali-_films.html\"><strong>CLICK HERE<\/strong><\/a>).<\/p>\n<p> The 43<sup>rd<\/sup> Gdynia Film Festival\u00a0is held\u00a0from the 17<sup>th<\/sup> of September to the 22n of September, 2018.<\/p>\n","protected":false},"excerpt":{"rendered":"<p>The film programme of the 43rd Gdynia Film Festival includes\u00a0a total of 50\u00a0films participating in the Main Competition, Visions Apart Competition and\u00a0Short Film Competition, but also many non-competing sections. Among them, there are the films awarded at\u00a0Krakow Film Festival. Thanks to the co-operation of the Gdynia Film Festival with\u00a0the Krakow Film Festival, the viewers in\u00a0Gdynia [&hellip;]<\/p>\n","protected":false},"author":12,"featured_media":0,"comment_status":"closed","ping_status":"closed","sticky":false,"template":"","format":"standard","meta":[],"categories":[2],"tags":[114,115,89,125,111,126,88,81,83,116,117,122,119,118,98,121,124,120,127,103],"acf":[],"yoast_head":"<!-- This site is optimized with the Yoast SEO plugin v18.9 - https:\/\/yoast.com\/wordpress\/plugins\/seo\/ -->\n<title>&quot;Krakow Film Festival Catching Waves&quot; at the 43rd Gdynia Film Festival - Krakow Film Festival<\/title>\n<meta name=\"robots\" content=\"index, follow, max-snippet:-1, max-image-preview:large, max-video-preview:-1\" \/>\n<link rel=\"canonical\" href=\"https:\/\/www.krakowfilmfestival.pl\/en\/krakow-film-festival-catching-waves-at-the-43rd-gdynia-film-festival\/\" \/>\n<meta property=\"og:locale\" content=\"en_US\" \/>\n<meta property=\"og:type\" content=\"article\" \/>\n<meta property=\"og:title\" content=\"&quot;Krakow Film Festival Catching Waves&quot; at the 43rd Gdynia Film Festival - Krakow Film Festival\" \/>\n<meta property=\"og:description\" content=\"The film programme of the 43rd Gdynia Film Festival includes\u00a0a total of 50\u00a0films participating in the Main Competition, Visions Apart Competition and\u00a0Short Film Competition, but also many non-competing sections. Among them, there are the films awarded at\u00a0Krakow Film Festival. Thanks to the co-operation of the Gdynia Film Festival with\u00a0the Krakow Film Festival, the viewers in\u00a0Gdynia [&hellip;]\" \/>\n<meta property=\"og:url\" content=\"https:\/\/www.krakowfilmfestival.pl\/en\/krakow-film-festival-catching-waves-at-the-43rd-gdynia-film-festival\/\" \/>\n<meta property=\"og:site_name\" content=\"Krakow Film Festival\" \/>\n<meta property=\"article:publisher\" content=\"https:\/\/www.facebook.com\/krakowfilmfest\/\" \/>\n<meta property=\"article:published_time\" content=\"2018-08-10T07:30:45+00:00\" \/>\n<meta property=\"og:image\" content=\"https:\/\/www.krakowfilmfestival.pl\/wp-content\/uploads\/2024\/03\/logokff_uniwersalne.jpg\" \/>\n\t<meta property=\"og:image:width\" content=\"1241\" \/>\n\t<meta property=\"og:image:height\" content=\"699\" \/>\n\t<meta property=\"og:image:type\" content=\"image\/jpeg\" \/>\n<meta name=\"twitter:card\" content=\"summary_large_image\" \/>\n<meta name=\"twitter:creator\" content=\"@krakowfilmfest\" \/>\n<meta name=\"twitter:site\" content=\"@krakowfilmfest\" \/>\n<meta name=\"twitter:label1\" content=\"Written by\" \/>\n\t<meta name=\"twitter:data1\" content=\"Magdalena Walo\" \/>\n\t<meta name=\"twitter:label2\" content=\"Est. reading time\" \/>\n\t<meta name=\"twitter:data2\" content=\"2 minutes\" \/>\n<script type=\"application\/ld+json\" class=\"yoast-schema-graph\">{\"@context\":\"https:\/\/schema.org\",\"@graph\":[{\"@type\":\"Organization\",\"@id\":\"https:\/\/www.krakowfilmfestival.pl\/en\/#organization\",\"name\":\"Krakowski Festiwal Filmowy\",\"url\":\"https:\/\/www.krakowfilmfestival.pl\/en\/\",\"sameAs\":[\"https:\/\/www.instagram.com\/krakowfilmfestival\/\",\"https:\/\/www.youtube.com\/user\/KrakowFilmFoundation\",\"https:\/\/pl.wikipedia.org\/wiki\/Krakowski_Festiwal_Filmowy\",\"https:\/\/www.facebook.com\/krakowfilmfest\/\",\"https:\/\/twitter.com\/krakowfilmfest\"],\"logo\":{\"@type\":\"ImageObject\",\"inLanguage\":\"en-US\",\"@id\":\"https:\/\/www.krakowfilmfestival.pl\/en\/#\/schema\/logo\/image\/\",\"url\":\"https:\/\/www.krakowfilmfestival.pl\/wp-content\/uploads\/2024\/03\/logokff_uniwersalne.jpg\",\"contentUrl\":\"https:\/\/www.krakowfilmfestival.pl\/wp-content\/uploads\/2024\/03\/logokff_uniwersalne.jpg\",\"width\":1241,\"height\":699,\"caption\":\"Krakowski Festiwal Filmowy\"},\"image\":{\"@id\":\"https:\/\/www.krakowfilmfestival.pl\/en\/#\/schema\/logo\/image\/\"}},{\"@type\":\"WebSite\",\"@id\":\"https:\/\/www.krakowfilmfestival.pl\/en\/#website\",\"url\":\"https:\/\/www.krakowfilmfestival.pl\/en\/\",\"name\":\"Krakow Film Festival\",\"description\":\"In Cracow since 1961\",\"publisher\":{\"@id\":\"https:\/\/www.krakowfilmfestival.pl\/en\/#organization\"},\"potentialAction\":[{\"@type\":\"SearchAction\",\"target\":{\"@type\":\"EntryPoint\",\"urlTemplate\":\"https:\/\/www.krakowfilmfestival.pl\/en\/?s={search_term_string}\"},\"query-input\":\"required name=search_term_string\"}],\"inLanguage\":\"en-US\"},{\"@type\":\"WebPage\",\"@id\":\"https:\/\/www.krakowfilmfestival.pl\/en\/krakow-film-festival-catching-waves-at-the-43rd-gdynia-film-festival\/#webpage\",\"url\":\"https:\/\/www.krakowfilmfestival.pl\/en\/krakow-film-festival-catching-waves-at-the-43rd-gdynia-film-festival\/\",\"name\":\"\\\"Krakow Film Festival Catching Waves\\\" at the 43rd Gdynia Film Festival - Krakow Film Festival\",\"isPartOf\":{\"@id\":\"https:\/\/www.krakowfilmfestival.pl\/en\/#website\"},\"datePublished\":\"2018-08-10T07:30:45+00:00\",\"dateModified\":\"2018-08-10T07:30:45+00:00\",\"breadcrumb\":{\"@id\":\"https:\/\/www.krakowfilmfestival.pl\/en\/krakow-film-festival-catching-waves-at-the-43rd-gdynia-film-festival\/#breadcrumb\"},\"inLanguage\":\"en-US\",\"potentialAction\":[{\"@type\":\"ReadAction\",\"target\":[\"https:\/\/www.krakowfilmfestival.pl\/en\/krakow-film-festival-catching-waves-at-the-43rd-gdynia-film-festival\/\"]}]},{\"@type\":\"BreadcrumbList\",\"@id\":\"https:\/\/www.krakowfilmfestival.pl\/en\/krakow-film-festival-catching-waves-at-the-43rd-gdynia-film-festival\/#breadcrumb\",\"itemListElement\":[{\"@type\":\"ListItem\",\"position\":1,\"name\":\"Strona g\u0142\u00f3wna\",\"item\":\"https:\/\/www.krakowfilmfestival.pl\/en\/\"},{\"@type\":\"ListItem\",\"position\":2,\"name\":\"&#8220;Krakow Film Festival Catching Waves&#8221; at the 43rd Gdynia Film Festival\"}]},{\"@type\":\"Article\",\"@id\":\"https:\/\/www.krakowfilmfestival.pl\/en\/krakow-film-festival-catching-waves-at-the-43rd-gdynia-film-festival\/#article\",\"isPartOf\":{\"@id\":\"https:\/\/www.krakowfilmfestival.pl\/en\/krakow-film-festival-catching-waves-at-the-43rd-gdynia-film-festival\/#webpage\"},\"author\":{\"@id\":\"https:\/\/www.krakowfilmfestival.pl\/en\/#\/schema\/person\/8f0b9cb0d9fdcfa328c336cca8d78e0c\"},\"headline\":\"&#8220;Krakow Film Festival Catching Waves&#8221; at the 43rd Gdynia Film Festival\",\"datePublished\":\"2018-08-10T07:30:45+00:00\",\"dateModified\":\"2018-08-10T07:30:45+00:00\",\"mainEntityOfPage\":{\"@id\":\"https:\/\/www.krakowfilmfestival.pl\/en\/krakow-film-festival-catching-waves-at-the-43rd-gdynia-film-festival\/#webpage\"},\"wordCount\":506,\"publisher\":{\"@id\":\"https:\/\/www.krakowfilmfestival.pl\/en\/#organization\"},\"keywords\":[\"43.FPFF\",\"58.KFf\",\"animacja\",\"animation\",\"DocFilmMusic\",\"documentary\",\"dokument\",\"film\",\"Gdynia\",\"III\",\"Marta Pajek\",\"Marta Prus\",\"Micha\u0142 Hytro\u015b\",\"O ojcach i synach\",\"OF FATHERS AND SONS\",\"Over the Limit\",\"Rafa\u0142 \u0141ysak\",\"Siostry\",\"sisters\",\"Talal Derki\"],\"articleSection\":[\"News\"],\"inLanguage\":\"en-US\"},{\"@type\":\"Person\",\"@id\":\"https:\/\/www.krakowfilmfestival.pl\/en\/#\/schema\/person\/8f0b9cb0d9fdcfa328c336cca8d78e0c\",\"name\":\"Magdalena Walo\",\"image\":{\"@type\":\"ImageObject\",\"inLanguage\":\"en-US\",\"@id\":\"https:\/\/www.krakowfilmfestival.pl\/en\/#\/schema\/person\/image\/\",\"url\":\"https:\/\/secure.gravatar.com\/avatar\/073baf015d711869e03437cd32f45a61?s=96&d=mm&r=g\",\"contentUrl\":\"https:\/\/secure.gravatar.com\/avatar\/073baf015d711869e03437cd32f45a61?s=96&d=mm&r=g\",\"caption\":\"Magdalena Walo\"}}]}<\/script>\n<!-- \/ Yoast SEO plugin. -->","yoast_head_json":{"title":"\"Krakow Film Festival Catching Waves\" at the 43rd Gdynia Film Festival - Krakow Film Festival","robots":{"index":"index","follow":"follow","max-snippet":"max-snippet:-1","max-image-preview":"max-image-preview:large","max-video-preview":"max-video-preview:-1"},"canonical":"https:\/\/www.krakowfilmfestival.pl\/en\/krakow-film-festival-catching-waves-at-the-43rd-gdynia-film-festival\/","og_locale":"en_US","og_type":"article","og_title":"\"Krakow Film Festival Catching Waves\" at the 43rd Gdynia Film Festival - Krakow Film Festival","og_description":"The film programme of the 43rd Gdynia Film Festival includes\u00a0a total of 50\u00a0films participating in the Main Competition, Visions Apart Competition and\u00a0Short Film Competition, but also many non-competing sections. Among them, there are the films awarded at\u00a0Krakow Film Festival. Thanks to the co-operation of the Gdynia Film Festival with\u00a0the Krakow Film Festival, the viewers in\u00a0Gdynia [&hellip;]","og_url":"https:\/\/www.krakowfilmfestival.pl\/en\/krakow-film-festival-catching-waves-at-the-43rd-gdynia-film-festival\/","og_site_name":"Krakow Film Festival","article_publisher":"https:\/\/www.facebook.com\/krakowfilmfest\/","article_published_time":"2018-08-10T07:30:45+00:00","og_image":[{"width":1241,"height":699,"url":"https:\/\/www.krakowfilmfestival.pl\/wp-content\/uploads\/2024\/03\/logokff_uniwersalne.jpg","type":"image\/jpeg"}],"twitter_card":"summary_large_image","twitter_creator":"@krakowfilmfest","twitter_site":"@krakowfilmfest","twitter_misc":{"Written by":"Magdalena Walo","Est. reading time":"2 minutes"},"schema":{"@context":"https:\/\/schema.org","@graph":[{"@type":"Organization","@id":"https:\/\/www.krakowfilmfestival.pl\/en\/#organization","name":"Krakowski Festiwal Filmowy","url":"https:\/\/www.krakowfilmfestival.pl\/en\/","sameAs":["https:\/\/www.instagram.com\/krakowfilmfestival\/","https:\/\/www.youtube.com\/user\/KrakowFilmFoundation","https:\/\/pl.wikipedia.org\/wiki\/Krakowski_Festiwal_Filmowy","https:\/\/www.facebook.com\/krakowfilmfest\/","https:\/\/twitter.com\/krakowfilmfest"],"logo":{"@type":"ImageObject","inLanguage":"en-US","@id":"https:\/\/www.krakowfilmfestival.pl\/en\/#\/schema\/logo\/image\/","url":"https:\/\/www.krakowfilmfestival.pl\/wp-content\/uploads\/2024\/03\/logokff_uniwersalne.jpg","contentUrl":"https:\/\/www.krakowfilmfestival.pl\/wp-content\/uploads\/2024\/03\/logokff_uniwersalne.jpg","width":1241,"height":699,"caption":"Krakowski Festiwal Filmowy"},"image":{"@id":"https:\/\/www.krakowfilmfestival.pl\/en\/#\/schema\/logo\/image\/"}},{"@type":"WebSite","@id":"https:\/\/www.krakowfilmfestival.pl\/en\/#website","url":"https:\/\/www.krakowfilmfestival.pl\/en\/","name":"Krakow Film Festival","description":"In Cracow since 1961","publisher":{"@id":"https:\/\/www.krakowfilmfestival.pl\/en\/#organization"},"potentialAction":[{"@type":"SearchAction","target":{"@type":"EntryPoint","urlTemplate":"https:\/\/www.krakowfilmfestival.pl\/en\/?s={search_term_string}"},"query-input":"required name=search_term_string"}],"inLanguage":"en-US"},{"@type":"WebPage","@id":"https:\/\/www.krakowfilmfestival.pl\/en\/krakow-film-festival-catching-waves-at-the-43rd-gdynia-film-festival\/#webpage","url":"https:\/\/www.krakowfilmfestival.pl\/en\/krakow-film-festival-catching-waves-at-the-43rd-gdynia-film-festival\/","name":"\"Krakow Film Festival Catching Waves\" at the 43rd Gdynia Film Festival - Krakow Film Festival","isPartOf":{"@id":"https:\/\/www.krakowfilmfestival.pl\/en\/#website"},"datePublished":"2018-08-10T07:30:45+00:00","dateModified":"2018-08-10T07:30:45+00:00","breadcrumb":{"@id":"https:\/\/www.krakowfilmfestival.pl\/en\/krakow-film-festival-catching-waves-at-the-43rd-gdynia-film-festival\/#breadcrumb"},"inLanguage":"en-US","potentialAction":[{"@type":"ReadAction","target":["https:\/\/www.krakowfilmfestival.pl\/en\/krakow-film-festival-catching-waves-at-the-43rd-gdynia-film-festival\/"]}]},{"@type":"BreadcrumbList","@id":"https:\/\/www.krakowfilmfestival.pl\/en\/krakow-film-festival-catching-waves-at-the-43rd-gdynia-film-festival\/#breadcrumb","itemListElement":[{"@type":"ListItem","position":1,"name":"Strona g\u0142\u00f3wna","item":"https:\/\/www.krakowfilmfestival.pl\/en\/"},{"@type":"ListItem","position":2,"name":"&#8220;Krakow Film Festival Catching Waves&#8221; at the 43rd Gdynia Film Festival"}]},{"@type":"Article","@id":"https:\/\/www.krakowfilmfestival.pl\/en\/krakow-film-festival-catching-waves-at-the-43rd-gdynia-film-festival\/#article","isPartOf":{"@id":"https:\/\/www.krakowfilmfestival.pl\/en\/krakow-film-festival-catching-waves-at-the-43rd-gdynia-film-festival\/#webpage"},"author":{"@id":"https:\/\/www.krakowfilmfestival.pl\/en\/#\/schema\/person\/8f0b9cb0d9fdcfa328c336cca8d78e0c"},"headline":"&#8220;Krakow Film Festival Catching Waves&#8221; at the 43rd Gdynia Film Festival","datePublished":"2018-08-10T07:30:45+00:00","dateModified":"2018-08-10T07:30:45+00:00","mainEntityOfPage":{"@id":"https:\/\/www.krakowfilmfestival.pl\/en\/krakow-film-festival-catching-waves-at-the-43rd-gdynia-film-festival\/#webpage"},"wordCount":506,"publisher":{"@id":"https:\/\/www.krakowfilmfestival.pl\/en\/#organization"},"keywords":["43.FPFF","58.KFf","animacja","animation","DocFilmMusic","documentary","dokument","film","Gdynia","III","Marta Pajek","Marta Prus","Micha\u0142 Hytro\u015b","O ojcach i synach","OF FATHERS AND SONS","Over the Limit","Rafa\u0142 \u0141ysak","Siostry","sisters","Talal Derki"],"articleSection":["News"],"inLanguage":"en-US"},{"@type":"Person","@id":"https:\/\/www.krakowfilmfestival.pl\/en\/#\/schema\/person\/8f0b9cb0d9fdcfa328c336cca8d78e0c","name":"Magdalena Walo","image":{"@type":"ImageObject","inLanguage":"en-US","@id":"https:\/\/www.krakowfilmfestival.pl\/en\/#\/schema\/person\/image\/","url":"https:\/\/secure.gravatar.com\/avatar\/073baf015d711869e03437cd32f45a61?s=96&d=mm&r=g","contentUrl":"https:\/\/secure.gravatar.com\/avatar\/073baf015d711869e03437cd32f45a61?s=96&d=mm&r=g","caption":"Magdalena Walo"}}]}},"_links":{"self":[{"href":"https:\/\/www.krakowfilmfestival.pl\/en\/wp-json\/wp\/v2\/posts\/10637"}],"collection":[{"href":"https:\/\/www.krakowfilmfestival.pl\/en\/wp-json\/wp\/v2\/posts"}],"about":[{"href":"https:\/\/www.krakowfilmfestival.pl\/en\/wp-json\/wp\/v2\/types\/post"}],"author":[{"embeddable":true,"href":"https:\/\/www.krakowfilmfestival.pl\/en\/wp-json\/wp\/v2\/users\/12"}],"replies":[{"embeddable":true,"href":"https:\/\/www.krakowfilmfestival.pl\/en\/wp-json\/wp\/v2\/comments?post=10637"}],"version-history":[{"count":2,"href":"https:\/\/www.krakowfilmfestival.pl\/en\/wp-json\/wp\/v2\/posts\/10637\/revisions"}],"predecessor-version":[{"id":10639,"href":"https:\/\/www.krakowfilmfestival.pl\/en\/wp-json\/wp\/v2\/posts\/10637\/revisions\/10639"}],"wp:attachment":[{"href":"https:\/\/www.krakowfilmfestival.pl\/en\/wp-json\/wp\/v2\/media?parent=10637"}],"wp:term":[{"taxonomy":"category","embeddable":true,"href":"https:\/\/www.krakowfilmfestival.pl\/en\/wp-json\/wp\/v2\/categories?post=10637"},{"taxonomy":"post_tag","embeddable":true,"href":"https:\/\/www.krakowfilmfestival.pl\/en\/wp-json\/wp\/v2\/tags?post=10637"}],"curies":[{"name":"wp","href":"https:\/\/api.w.org\/{rel}","templated":true}]}}