{"id":3952,"date":"2012-06-03T17:35:00","date_gmt":"2012-06-03T15:35:00","guid":{"rendered":"http:\/\/www.krakowfilmfestival.pl\/en\/festival-tv-2nd-june-2012\/"},"modified":"2012-06-03T17:35:00","modified_gmt":"2012-06-03T15:35:00","slug":"festival-tv-2nd-june-2012","status":"publish","type":"post","link":"https:\/\/www.krakowfilmfestival.pl\/en\/festival-tv-2nd-june-2012\/","title":{"rendered":"Festival TV &#8211; 2nd June 2012"},"content":{"rendered":"<p>Day 6.<\/p>\n<p><!--more--><\/p>\n<p>The last but one festival day! The day offers: the meeting of four  directors of the biggest film festivals in Poland: Roman Gutek, Stefan  Laudyn, Marek \u017bydowicz and Krzysztofa Gierat. Masterclass was held by   Jacek B\u0142awut and Marcel \u0141ozi\u0144ski. As part of the Industry Zone, there  was the Documentary and Animation Section forum. Liliana  G\u0142\u0105bczy\u0144ska-Komorowska, director of &quot;Beauty and the Breast&quot;, talks about  her film. In the evening,the&nbsp; jubilee Music Video Night. Finally, a  talk with Torene Sviil, director of the Oscar office. The last edition  of the Festival Chronicle- Today at 6.50 p.m on Polish Television Krakow  and on the festival website.<\/p>\n<p><iframe loading=\"lazy\" width=\"640\" height=\"360\" frameborder=\"0\" allowfullscreen=\"\" src=\"http:\/\/www.youtube.com\/embed\/CPDnzOJN57w\"><\/iframe><\/p>\n","protected":false},"excerpt":{"rendered":"<p>Day 6.<\/p>\n","protected":false},"author":1,"featured_media":0,"comment_status":"closed","ping_status":"open","sticky":false,"template":"","format":"standard","meta":[],"categories":[2],"tags":[],"acf":[],"yoast_head":"<!-- This site is optimized with the Yoast SEO plugin v18.9 - https:\/\/yoast.com\/wordpress\/plugins\/seo\/ -->\n<title>Festival TV - 2nd June 2012 - Krakow Film Festival<\/title>\n<meta name=\"robots\" content=\"index, follow, max-snippet:-1, max-image-preview:large, max-video-preview:-1\" \/>\n<link rel=\"canonical\" href=\"https:\/\/www.krakowfilmfestival.pl\/en\/festival-tv-2nd-june-2012\/\" \/>\n<meta property=\"og:locale\" content=\"en_US\" \/>\n<meta property=\"og:type\" content=\"article\" \/>\n<meta property=\"og:title\" content=\"Festival TV - 2nd June 2012 - Krakow Film Festival\" \/>\n<meta property=\"og:description\" content=\"Day 6.\" \/>\n<meta property=\"og:url\" content=\"https:\/\/www.krakowfilmfestival.pl\/en\/festival-tv-2nd-june-2012\/\" \/>\n<meta property=\"og:site_name\" content=\"Krakow Film Festival\" \/>\n<meta property=\"article:publisher\" content=\"https:\/\/www.facebook.com\/krakowfilmfest\/\" \/>\n<meta property=\"article:published_time\" content=\"2012-06-03T15:35:00+00:00\" \/>\n<meta property=\"og:image\" content=\"https:\/\/www.krakowfilmfestival.pl\/wp-content\/uploads\/2024\/03\/logokff_uniwersalne.jpg\" \/>\n\t<meta property=\"og:image:width\" content=\"1241\" \/>\n\t<meta property=\"og:image:height\" content=\"699\" \/>\n\t<meta property=\"og:image:type\" content=\"image\/jpeg\" \/>\n<meta name=\"twitter:card\" content=\"summary_large_image\" \/>\n<meta name=\"twitter:creator\" content=\"@krakowfilmfest\" \/>\n<meta name=\"twitter:site\" content=\"@krakowfilmfest\" \/>\n<meta name=\"twitter:label1\" content=\"Written by\" \/>\n\t<meta name=\"twitter:data1\" content=\"piotr\" \/>\n\t<meta name=\"twitter:label2\" content=\"Est. reading time\" \/>\n\t<meta name=\"twitter:data2\" content=\"1 minute\" \/>\n<script type=\"application\/ld+json\" class=\"yoast-schema-graph\">{\"@context\":\"https:\/\/schema.org\",\"@graph\":[{\"@type\":\"Organization\",\"@id\":\"https:\/\/www.krakowfilmfestival.pl\/en\/#organization\",\"name\":\"Krakowski Festiwal Filmowy\",\"url\":\"https:\/\/www.krakowfilmfestival.pl\/en\/\",\"sameAs\":[\"https:\/\/www.instagram.com\/krakowfilmfestival\/\",\"https:\/\/www.youtube.com\/user\/KrakowFilmFoundation\",\"https:\/\/pl.wikipedia.org\/wiki\/Krakowski_Festiwal_Filmowy\",\"https:\/\/www.facebook.com\/krakowfilmfest\/\",\"https:\/\/twitter.com\/krakowfilmfest\"],\"logo\":{\"@type\":\"ImageObject\",\"inLanguage\":\"en-US\",\"@id\":\"https:\/\/www.krakowfilmfestival.pl\/en\/#\/schema\/logo\/image\/\",\"url\":\"https:\/\/www.krakowfilmfestival.pl\/wp-content\/uploads\/2024\/03\/logokff_uniwersalne.jpg\",\"contentUrl\":\"https:\/\/www.krakowfilmfestival.pl\/wp-content\/uploads\/2024\/03\/logokff_uniwersalne.jpg\",\"width\":1241,\"height\":699,\"caption\":\"Krakowski Festiwal Filmowy\"},\"image\":{\"@id\":\"https:\/\/www.krakowfilmfestival.pl\/en\/#\/schema\/logo\/image\/\"}},{\"@type\":\"WebSite\",\"@id\":\"https:\/\/www.krakowfilmfestival.pl\/en\/#website\",\"url\":\"https:\/\/www.krakowfilmfestival.pl\/en\/\",\"name\":\"Krakow Film Festival\",\"description\":\"In Cracow since 1961\",\"publisher\":{\"@id\":\"https:\/\/www.krakowfilmfestival.pl\/en\/#organization\"},\"potentialAction\":[{\"@type\":\"SearchAction\",\"target\":{\"@type\":\"EntryPoint\",\"urlTemplate\":\"https:\/\/www.krakowfilmfestival.pl\/en\/?s={search_term_string}\"},\"query-input\":\"required name=search_term_string\"}],\"inLanguage\":\"en-US\"},{\"@type\":\"WebPage\",\"@id\":\"https:\/\/www.krakowfilmfestival.pl\/en\/festival-tv-2nd-june-2012\/#webpage\",\"url\":\"https:\/\/www.krakowfilmfestival.pl\/en\/festival-tv-2nd-june-2012\/\",\"name\":\"Festival TV - 2nd June 2012 - Krakow Film Festival\",\"isPartOf\":{\"@id\":\"https:\/\/www.krakowfilmfestival.pl\/en\/#website\"},\"datePublished\":\"2012-06-03T15:35:00+00:00\",\"dateModified\":\"2012-06-03T15:35:00+00:00\",\"breadcrumb\":{\"@id\":\"https:\/\/www.krakowfilmfestival.pl\/en\/festival-tv-2nd-june-2012\/#breadcrumb\"},\"inLanguage\":\"en-US\",\"potentialAction\":[{\"@type\":\"ReadAction\",\"target\":[\"https:\/\/www.krakowfilmfestival.pl\/en\/festival-tv-2nd-june-2012\/\"]}]},{\"@type\":\"BreadcrumbList\",\"@id\":\"https:\/\/www.krakowfilmfestival.pl\/en\/festival-tv-2nd-june-2012\/#breadcrumb\",\"itemListElement\":[{\"@type\":\"ListItem\",\"position\":1,\"name\":\"Strona g\u0142\u00f3wna\",\"item\":\"https:\/\/www.krakowfilmfestival.pl\/en\/\"},{\"@type\":\"ListItem\",\"position\":2,\"name\":\"Festival TV &#8211; 2nd June 2012\"}]},{\"@type\":\"Article\",\"@id\":\"https:\/\/www.krakowfilmfestival.pl\/en\/festival-tv-2nd-june-2012\/#article\",\"isPartOf\":{\"@id\":\"https:\/\/www.krakowfilmfestival.pl\/en\/festival-tv-2nd-june-2012\/#webpage\"},\"author\":{\"@id\":\"https:\/\/www.krakowfilmfestival.pl\/en\/#\/schema\/person\/68bb83d66018a17ced36f369cb7ff93c\"},\"headline\":\"Festival TV &#8211; 2nd June 2012\",\"datePublished\":\"2012-06-03T15:35:00+00:00\",\"dateModified\":\"2012-06-03T15:35:00+00:00\",\"mainEntityOfPage\":{\"@id\":\"https:\/\/www.krakowfilmfestival.pl\/en\/festival-tv-2nd-june-2012\/#webpage\"},\"wordCount\":117,\"publisher\":{\"@id\":\"https:\/\/www.krakowfilmfestival.pl\/en\/#organization\"},\"articleSection\":[\"News\"],\"inLanguage\":\"en-US\"},{\"@type\":\"Person\",\"@id\":\"https:\/\/www.krakowfilmfestival.pl\/en\/#\/schema\/person\/68bb83d66018a17ced36f369cb7ff93c\",\"name\":\"piotr\",\"image\":{\"@type\":\"ImageObject\",\"inLanguage\":\"en-US\",\"@id\":\"https:\/\/www.krakowfilmfestival.pl\/en\/#\/schema\/person\/image\/\",\"url\":\"https:\/\/secure.gravatar.com\/avatar\/322a3a29d9e05a25d27cef8cef8e3045?s=96&d=mm&r=g\",\"contentUrl\":\"https:\/\/secure.gravatar.com\/avatar\/322a3a29d9e05a25d27cef8cef8e3045?s=96&d=mm&r=g\",\"caption\":\"piotr\"}}]}<\/script>\n<!-- \/ Yoast SEO plugin. -->","yoast_head_json":{"title":"Festival TV - 2nd June 2012 - Krakow Film Festival","robots":{"index":"index","follow":"follow","max-snippet":"max-snippet:-1","max-image-preview":"max-image-preview:large","max-video-preview":"max-video-preview:-1"},"canonical":"https:\/\/www.krakowfilmfestival.pl\/en\/festival-tv-2nd-june-2012\/","og_locale":"en_US","og_type":"article","og_title":"Festival TV - 2nd June 2012 - Krakow Film Festival","og_description":"Day 6.","og_url":"https:\/\/www.krakowfilmfestival.pl\/en\/festival-tv-2nd-june-2012\/","og_site_name":"Krakow Film Festival","article_publisher":"https:\/\/www.facebook.com\/krakowfilmfest\/","article_published_time":"2012-06-03T15:35:00+00:00","og_image":[{"width":1241,"height":699,"url":"https:\/\/www.krakowfilmfestival.pl\/wp-content\/uploads\/2024\/03\/logokff_uniwersalne.jpg","type":"image\/jpeg"}],"twitter_card":"summary_large_image","twitter_creator":"@krakowfilmfest","twitter_site":"@krakowfilmfest","twitter_misc":{"Written by":"piotr","Est. reading time":"1 minute"},"schema":{"@context":"https:\/\/schema.org","@graph":[{"@type":"Organization","@id":"https:\/\/www.krakowfilmfestival.pl\/en\/#organization","name":"Krakowski Festiwal Filmowy","url":"https:\/\/www.krakowfilmfestival.pl\/en\/","sameAs":["https:\/\/www.instagram.com\/krakowfilmfestival\/","https:\/\/www.youtube.com\/user\/KrakowFilmFoundation","https:\/\/pl.wikipedia.org\/wiki\/Krakowski_Festiwal_Filmowy","https:\/\/www.facebook.com\/krakowfilmfest\/","https:\/\/twitter.com\/krakowfilmfest"],"logo":{"@type":"ImageObject","inLanguage":"en-US","@id":"https:\/\/www.krakowfilmfestival.pl\/en\/#\/schema\/logo\/image\/","url":"https:\/\/www.krakowfilmfestival.pl\/wp-content\/uploads\/2024\/03\/logokff_uniwersalne.jpg","contentUrl":"https:\/\/www.krakowfilmfestival.pl\/wp-content\/uploads\/2024\/03\/logokff_uniwersalne.jpg","width":1241,"height":699,"caption":"Krakowski Festiwal Filmowy"},"image":{"@id":"https:\/\/www.krakowfilmfestival.pl\/en\/#\/schema\/logo\/image\/"}},{"@type":"WebSite","@id":"https:\/\/www.krakowfilmfestival.pl\/en\/#website","url":"https:\/\/www.krakowfilmfestival.pl\/en\/","name":"Krakow Film Festival","description":"In Cracow since 1961","publisher":{"@id":"https:\/\/www.krakowfilmfestival.pl\/en\/#organization"},"potentialAction":[{"@type":"SearchAction","target":{"@type":"EntryPoint","urlTemplate":"https:\/\/www.krakowfilmfestival.pl\/en\/?s={search_term_string}"},"query-input":"required name=search_term_string"}],"inLanguage":"en-US"},{"@type":"WebPage","@id":"https:\/\/www.krakowfilmfestival.pl\/en\/festival-tv-2nd-june-2012\/#webpage","url":"https:\/\/www.krakowfilmfestival.pl\/en\/festival-tv-2nd-june-2012\/","name":"Festival TV - 2nd June 2012 - Krakow Film Festival","isPartOf":{"@id":"https:\/\/www.krakowfilmfestival.pl\/en\/#website"},"datePublished":"2012-06-03T15:35:00+00:00","dateModified":"2012-06-03T15:35:00+00:00","breadcrumb":{"@id":"https:\/\/www.krakowfilmfestival.pl\/en\/festival-tv-2nd-june-2012\/#breadcrumb"},"inLanguage":"en-US","potentialAction":[{"@type":"ReadAction","target":["https:\/\/www.krakowfilmfestival.pl\/en\/festival-tv-2nd-june-2012\/"]}]},{"@type":"BreadcrumbList","@id":"https:\/\/www.krakowfilmfestival.pl\/en\/festival-tv-2nd-june-2012\/#breadcrumb","itemListElement":[{"@type":"ListItem","position":1,"name":"Strona g\u0142\u00f3wna","item":"https:\/\/www.krakowfilmfestival.pl\/en\/"},{"@type":"ListItem","position":2,"name":"Festival TV &#8211; 2nd June 2012"}]},{"@type":"Article","@id":"https:\/\/www.krakowfilmfestival.pl\/en\/festival-tv-2nd-june-2012\/#article","isPartOf":{"@id":"https:\/\/www.krakowfilmfestival.pl\/en\/festival-tv-2nd-june-2012\/#webpage"},"author":{"@id":"https:\/\/www.krakowfilmfestival.pl\/en\/#\/schema\/person\/68bb83d66018a17ced36f369cb7ff93c"},"headline":"Festival TV &#8211; 2nd June 2012","datePublished":"2012-06-03T15:35:00+00:00","dateModified":"2012-06-03T15:35:00+00:00","mainEntityOfPage":{"@id":"https:\/\/www.krakowfilmfestival.pl\/en\/festival-tv-2nd-june-2012\/#webpage"},"wordCount":117,"publisher":{"@id":"https:\/\/www.krakowfilmfestival.pl\/en\/#organization"},"articleSection":["News"],"inLanguage":"en-US"},{"@type":"Person","@id":"https:\/\/www.krakowfilmfestival.pl\/en\/#\/schema\/person\/68bb83d66018a17ced36f369cb7ff93c","name":"piotr","image":{"@type":"ImageObject","inLanguage":"en-US","@id":"https:\/\/www.krakowfilmfestival.pl\/en\/#\/schema\/person\/image\/","url":"https:\/\/secure.gravatar.com\/avatar\/322a3a29d9e05a25d27cef8cef8e3045?s=96&d=mm&r=g","contentUrl":"https:\/\/secure.gravatar.com\/avatar\/322a3a29d9e05a25d27cef8cef8e3045?s=96&d=mm&r=g","caption":"piotr"}}]}},"_links":{"self":[{"href":"https:\/\/www.krakowfilmfestival.pl\/en\/wp-json\/wp\/v2\/posts\/3952"}],"collection":[{"href":"https:\/\/www.krakowfilmfestival.pl\/en\/wp-json\/wp\/v2\/posts"}],"about":[{"href":"https:\/\/www.krakowfilmfestival.pl\/en\/wp-json\/wp\/v2\/types\/post"}],"author":[{"embeddable":true,"href":"https:\/\/www.krakowfilmfestival.pl\/en\/wp-json\/wp\/v2\/users\/1"}],"replies":[{"embeddable":true,"href":"https:\/\/www.krakowfilmfestival.pl\/en\/wp-json\/wp\/v2\/comments?post=3952"}],"version-history":[{"count":0,"href":"https:\/\/www.krakowfilmfestival.pl\/en\/wp-json\/wp\/v2\/posts\/3952\/revisions"}],"wp:attachment":[{"href":"https:\/\/www.krakowfilmfestival.pl\/en\/wp-json\/wp\/v2\/media?parent=3952"}],"wp:term":[{"taxonomy":"category","embeddable":true,"href":"https:\/\/www.krakowfilmfestival.pl\/en\/wp-json\/wp\/v2\/categories?post=3952"},{"taxonomy":"post_tag","embeddable":true,"href":"https:\/\/www.krakowfilmfestival.pl\/en\/wp-json\/wp\/v2\/tags?post=3952"}],"curies":[{"name":"wp","href":"https:\/\/api.w.org\/{rel}","templated":true}]}}