{"id":54490,"date":"2024-04-16T13:24:27","date_gmt":"2024-04-16T11:24:27","guid":{"rendered":"https:\/\/www.krakowfilmfestival.pl\/the-international-music-documentary-competition-docfilmmusic-at-the-64th-krakow-film-festival\/"},"modified":"2024-05-06T12:55:18","modified_gmt":"2024-05-06T10:55:18","slug":"the-international-music-documentary-competition-docfilmmusic-at-the-64th-krakow-film-festival","status":"publish","type":"post","link":"https:\/\/www.krakowfilmfestival.pl\/en\/the-international-music-documentary-competition-docfilmmusic-at-the-64th-krakow-film-festival\/","title":{"rendered":"The International Music Documentary Competition DocFilmMusic at the 64th KFF"},"content":{"rendered":"<!DOCTYPE html PUBLIC \"-\/\/W3C\/\/DTD HTML 4.0 Transitional\/\/EN\" \"http:\/\/www.w3.org\/TR\/REC-html40\/loose.dtd\">\n<html><body><p><b>Eight titles from this year&rsquo;s international DocFilmMusic competition promise both musical and technological discoveries. Here is an extraordinary music festival in Sardinia, a composed conductor, a queer vocalist, a mysterious musician, the synthesizer pioneer, two unconventional duos, and a band that shouldn&rsquo;t exist. A jazz event and musicians of various genres, recorded on vinyl, tapes, film reels, and digitally on phones. Through audio-visual recordings, we can experience not only music but also get closer to unconventional personalities or uncover lesser-known facts from the history of popular culture.<\/b><\/p>\n\n\n\n<p><\/p><h5><i><span style=\"font-weight: 400\">Like every artist, a musician is subject to particular pressures. Every day, they face new challenges, grapple with creative decline, seek inspiration in drugs, crave the approval of their fans, but often escape from them. They may be forgotten and rediscovered, often only after death. Film leaves them with us forever, with their weaknesses and successes, with records of private moments and stories from industry insiders. We present to you another set of musical cinematic gems,&rdquo; <\/span><\/i><span style=\"font-weight: 400\">comments <\/span><b>Krzysztof Gierat, director of the Krakow Film Festival.<\/b><\/h5>\n\n\n\n<p><b>Vinyls, Tapes, and Synthesizers<\/b><\/p>\n\n\n\n<p><span style=\"font-weight: 400\">It begins with a warning: &ldquo;the deceased appear in the film <\/span><b><i><a href=\"https:\/\/www.krakowfilmfestival.pl\/en\/film\/4216-abebe-butterfly-song\/\">Abebe &ndash; Butterfly Song<\/a><\/i><\/b><span style=\"font-weight: 400\">. Their spirits, along with director <\/span><b>Rosie Jones<\/b><span style=\"font-weight: 400\">, take us on a journey to Papua New Guinea, whose music scene has long been in the shadows. This is largely thanks to George Telek &ndash; an artist who sings in indigenous languages, blending Papuan and Western sounds. It&rsquo;s also the story of his creative, over 30-year-long friendship with Australian musician David Bridie, marked by tragic events in Telek&rsquo;s life and the island&rsquo;s history. Music enables an extraordinary intercultural meeting, in spite of the colonial past.<\/span><\/p>\n\n\n\n<figure class=\"wp-block-gallery has-nested-images columns-default is-cropped expanded gallery\">\n<figure class=\"wp-block-image size-large\"><img loading=\"lazy\" width=\"1920\" height=\"1080\" data-id=\"54416\" src=\"https:\/\/www.krakowfilmfestival.pl\/wp-content\/uploads\/2024\/04\/44-1.jpg\" alt=\"\" class=\"wp-image-54416\" srcset=\"https:\/\/www.krakowfilmfestival.pl\/wp-content\/uploads\/2024\/04\/44-1.jpg 1920w, https:\/\/www.krakowfilmfestival.pl\/wp-content\/uploads\/2024\/04\/44-1-492x277.jpg 492w, https:\/\/www.krakowfilmfestival.pl\/wp-content\/uploads\/2024\/04\/44-1-729x410.jpg 729w, https:\/\/www.krakowfilmfestival.pl\/wp-content\/uploads\/2024\/04\/44-1-1536x864.jpg 1536w\" sizes=\"(max-width: 1920px) 100vw, 1920px\"><figcaption>Abebe-Butterfly Song, dir. Rosie Jones<\/figcaption><\/figure>\n\n\n\n<figure class=\"wp-block-image size-large\"><img loading=\"lazy\" width=\"1920\" height=\"1080\" data-id=\"54449\" src=\"https:\/\/www.krakowfilmfestival.pl\/wp-content\/uploads\/2024\/04\/blues-1-1920x1080.jpg\" alt=\"\" class=\"wp-image-54449\" srcset=\"https:\/\/www.krakowfilmfestival.pl\/wp-content\/uploads\/2024\/04\/blues-1-1920x1080.jpg 1920w, https:\/\/www.krakowfilmfestival.pl\/wp-content\/uploads\/2024\/04\/blues-1-492x277.jpg 492w, https:\/\/www.krakowfilmfestival.pl\/wp-content\/uploads\/2024\/04\/blues-1-729x410.jpg 729w, https:\/\/www.krakowfilmfestival.pl\/wp-content\/uploads\/2024\/04\/blues-1-1536x864.jpg 1536w, https:\/\/www.krakowfilmfestival.pl\/wp-content\/uploads\/2024\/04\/blues-1-2048x1152.jpg 2048w\" sizes=\"(max-width: 1920px) 100vw, 1920px\"><figcaption>Blues Run the Game: The Strange Tale of Jackson C. Frank, dir. Damien Aim&eacute; Dupont<\/figcaption><\/figure>\n\n\n\n<figure class=\"wp-block-image size-large\"><img loading=\"lazy\" width=\"1920\" height=\"2341\" data-id=\"54455\" src=\"https:\/\/www.krakowfilmfestival.pl\/wp-content\/uploads\/2024\/04\/3_donleo-1920x2341.jpg\" alt=\"\" class=\"wp-image-54455\" srcset=\"https:\/\/www.krakowfilmfestival.pl\/wp-content\/uploads\/2024\/04\/3_donleo-1920x2341.jpg 1920w, https:\/\/www.krakowfilmfestival.pl\/wp-content\/uploads\/2024\/04\/3_donleo-729x889.jpg 729w, https:\/\/www.krakowfilmfestival.pl\/wp-content\/uploads\/2024\/04\/3_donleo-1260x1536.jpg 1260w, https:\/\/www.krakowfilmfestival.pl\/wp-content\/uploads\/2024\/04\/3_donleo-1680x2048.jpg 1680w\" sizes=\"(max-width: 1920px) 100vw, 1920px\"><figcaption>Don Lewis And The Live Electronic Orchestra, dir. Ned Augustenborg<\/figcaption><\/figure>\n<\/figure>\n\n\n\n<p><b><i><a href=\"https:\/\/www.krakowfilmfestival.pl\/en\/film\/4263-blues-run-the-game-the-strange-tale-of-jackson-c-frank\/\">Blues Run the Game: The Strange Tale of Jackson C. Frank<\/a><\/i><\/b><span style=\"font-weight: 400\"> is a tale of a great revelation and a mysterious disappearance. In 1965, with the help of Paul Simon, musician Jackson C. Frank managed to record his only album, leaving a permanent mark on numerous American and British folk musicians. However, he wasn&rsquo;t able to overcome his demons, which had been haunting him since childhood. Directed by <\/span><b>Damien Aim&eacute; Dupont<\/b><span style=\"font-weight: 400\">, the film reconstructs the artist&rsquo;s emotional landscape, shaped by personal tragedies, physical disability, and mental illness. It searches for clues in his songs, places close to him, and memories of those who knew him.<\/span><\/p>\n\n\n\n<p><span style=\"font-weight: 400\">America wasn&rsquo;t ready for such a revolution. In the 1970s, Don Lewis, electronic engineer and musician, built a synthesizer that generated and mixed sounds on an unprecedented scale. However, trade unions protested the invention, fearing it would take jobs away from musicians. Thus, a success story became the tragedy of a man fighting for recognition and battling racial prejudices. The documentary <\/span><b><i><a href=\"https:\/\/www.krakowfilmfestival.pl\/en\/film\/4283-don-lewis-and-the-live-electronic-orchestra\/\">Don Lewis and The Live Electronic Orchestra<\/a><\/i> (dir. Ned Augustenborg)<\/b><span style=\"font-weight: 400\"> does the inventor justice by showcasing his immense impact on the development of music &ndash; going far beyond just electronic music. Indirectly, it also voices the fears associated with the development of technology.<\/span><\/p>\n\n\n\n<p><b>VHS, Discs, and Concerts<\/b><\/p>\n\n\n\n<p><span style=\"font-weight: 400\">Hundreds of hours of archival footage (Omar had been documenting himself and his surroundings since childhood) were turned into an achingly honest depiction of years-long friendship, shared successes, transformations, and setbacks. The film <\/span><b><a href=\"https:\/\/www.krakowfilmfestival.pl\/en\/film\/4290-omar-and-cedric-if-this-ever-gets-weird\/\"><i>Omar and Cedric: If This Ever Gets Weird<\/i> <\/a>(dir. Nicolas Jack Davies)<\/b><span style=\"font-weight: 400\"> has the dynamics of progressive rock, which over two decades ago became the domain of the iconic band The Mars Volta. The lives of the founders of the American group &ndash; Cedric Bixler and Omar Rodr&iacute;guez-L&oacute;pez &ndash; pulsated in similar rhythms. It was truly a wild ride, marked by ethnic distinctness, drugs, outrageus stunts on the stage, and a flirt with Scientology.&nbsp;<\/span><\/p>\n\n\n\n<figure class=\"wp-block-gallery has-nested-images columns-default is-cropped expanded gallery\">\n<figure class=\"wp-block-image size-large\"><img data-id=\"54428\" src=\"https:\/\/www.krakowfilmfestival.pl\/wp-content\/uploads\/2024\/04\/omar-and-cedric-still-1-scaled.jpg\" alt=\"\" class=\"wp-image-54428\"><figcaption>Omar and Cedric: If This Ever Gets Weird, dir. Nicolas Jack Davies<\/figcaption><\/figure>\n\n\n\n<figure class=\"wp-block-image size-large\"><img data-id=\"54441\" src=\"https:\/\/www.krakowfilmfestival.pl\/wp-content\/uploads\/2024\/04\/paolo-fresu-2015-fotoseda-3-scaled.jpg\" alt=\"\" class=\"wp-image-54441\"><figcaption>Berchidda Live &ndash; A Journey Into Time In Jazz Archive, dir. Gianfranco Cabiddu, Michele Mellara, Alessandro Rossi<\/figcaption><\/figure>\n\n\n\n<figure class=\"wp-block-image size-large\"><img loading=\"lazy\" width=\"1920\" height=\"1200\" data-id=\"52420\" src=\"https:\/\/www.krakowfilmfestival.pl\/wp-content\/uploads\/2024\/02\/8_peaches_-bell-media-inc-.jpg\" alt=\"\" class=\"wp-image-52420\" srcset=\"https:\/\/www.krakowfilmfestival.pl\/wp-content\/uploads\/2024\/02\/8_peaches_-bell-media-inc-.jpg 1920w, https:\/\/www.krakowfilmfestival.pl\/wp-content\/uploads\/2024\/02\/8_peaches_-bell-media-inc--729x456.jpg 729w, https:\/\/www.krakowfilmfestival.pl\/wp-content\/uploads\/2024\/02\/8_peaches_-bell-media-inc--1536x960.jpg 1536w\" sizes=\"(max-width: 1920px) 100vw, 1920px\"><figcaption>Teaches of Peaches, dir. Philipp Fussenegger, Judy Landkammer<\/figcaption><\/figure>\n<\/figure>\n\n\n\n<p><span style=\"font-weight: 400\">Concerts in the forest, in a church, on a cliffs, or a train stations &ndash; the Time in Jazz festival is organically connected to the place where it has been held since 1988. Namely, the town of Berchidda in Sardinia, where beautiful natural surroundings let one absorb a number of traditions: from jazz improvisations through world music to street performances of Nino Rota&rsquo;s compositions. The film <\/span><b><i><a href=\"https:\/\/www.krakowfilmfestival.pl\/en\/film\/4218-berchidda-live-a-journey-into-time-in-jazz-archive\/\">Berchidda Live: A Journey Into Time In Jazz Archive<\/a><\/i> (dir. Gianfranco Cabiddu, Michele Mellara, Alessandro Rossi)<\/b><span style=\"font-weight: 400\"> portrays this entrancing event through both contemporary and archival footage. It is primarily made up of people: artists, festivalgoers, organisers, and local residents.<\/span><\/p>\n\n\n\n<p><span style=\"font-weight: 400\">A performer, provocateur, and a powerhouse of a woman &ndash; in the sixth decade of her life, Peaches shows no signs of slowing down. On the contrary, the tour marking the twentieth anniversary of the album <\/span><i><span style=\"font-weight: 400\">Teaches of Peaches<\/span><\/i><span style=\"font-weight: 400\"> was an explosion of creativity. And for the filmmakers <\/span><b>Philipp Fussenegger<\/b><span style=\"font-weight: 400\"> and <\/span><b>Judy Landkammer<\/b><span style=\"font-weight: 400\">, it was also an opportunity to get to know this subversive artist, an icon of feminism and queer culture, more closely. <\/span><b><i><a href=\"https:\/\/www.krakowfilmfestival.pl\/en\/film\/4222-teaches-of-peaches\/\">Teaches of Peaches<\/a><\/i><\/b><span style=\"font-weight: 400\"> is a documentary fuelled by punk energy, yet it&rsquo;s also the heroine&rsquo;s intimate portrait. The camera accompanies the vocalist not only at concerts but also in her Berlin apartment and among friends, while unique archival materials reveal her lesser-known past. Despite the passing years, Peaches&rsquo; political message remains relevant.<\/span><\/p>\n\n\n\n<p><b>Smartphones, Streaming, and Stages<\/b><\/p>\n\n\n\n<p><span style=\"font-weight: 400\">&ldquo;They&rsquo;re doing a good job for our mental health,&rdquo; &ndash; says one fan. Indeed, the trio from Barcelona helped many survive the lockdown. The songs that Stay Homas recorded on their balcony, broadly addressing the pandemic, went viral. And the group itself gained popularity all over the world, collaborating with artists like Michael Bubl&eacute;. But &ndash; finally &ndash; there came a moment when they ceased to be just an internet phenomenon. The documentary <\/span><b><i><a href=\"https:\/\/www.krakowfilmfestival.pl\/en\/film\/4326-stay-homas-the-band-that-shouldnt-exist\/\">Stay Homas: The Band That Shouldn&rsquo;t Exist<\/a><\/i> (dir. Oriol Gispert, Nick Bolger, Ramon Balagu&eacute;)<\/b><span style=\"font-weight: 400\"> tracks the evolution of the band, which, in changing circumstances, starts being professional, search for a fresh tone, and establish a new connection with their audience.<\/span><\/p>\n\n\n\n<figure class=\"wp-block-gallery has-nested-images columns-default is-cropped\">\n<figure class=\"wp-block-image size-large\"><img data-id=\"54461\" src=\"https:\/\/www.krakowfilmfestival.pl\/wp-content\/uploads\/2024\/04\/stayhomas_img_2281_web-scaled.jpg\" alt=\"\" class=\"wp-image-54461\"><figcaption>Stay Homas. The Band That Shouldn&rsquo;t Exist, dir. Oriol Gispert, Nick Bolger, Ramon Balagu&eacute;\n\n<\/figcaption><\/figure>\n\n\n\n<figure class=\"wp-block-image size-large\"><img loading=\"lazy\" width=\"1920\" height=\"1080\" data-id=\"54418\" src=\"https:\/\/www.krakowfilmfestival.pl\/wp-content\/uploads\/2024\/04\/joana_mallwitz_momentum_4_c_accentus_music.jpg\" alt=\"\" class=\"wp-image-54418\" srcset=\"https:\/\/www.krakowfilmfestival.pl\/wp-content\/uploads\/2024\/04\/joana_mallwitz_momentum_4_c_accentus_music.jpg 1920w, https:\/\/www.krakowfilmfestival.pl\/wp-content\/uploads\/2024\/04\/joana_mallwitz_momentum_4_c_accentus_music-492x277.jpg 492w, https:\/\/www.krakowfilmfestival.pl\/wp-content\/uploads\/2024\/04\/joana_mallwitz_momentum_4_c_accentus_music-729x410.jpg 729w, https:\/\/www.krakowfilmfestival.pl\/wp-content\/uploads\/2024\/04\/joana_mallwitz_momentum_4_c_accentus_music-1536x864.jpg 1536w\" sizes=\"(max-width: 1920px) 100vw, 1920px\"><figcaption>Joana Mallwitz &ndash; Momentum, dir.G&uuml;nter Atteln, Germany, 88&rsquo;, 2024<\/figcaption><\/figure>\n<\/figure>\n\n\n\n<p>Men in the music industry aren&rsquo;t asked how they balance their careers and parenthood often. The protagonist of Joana Mallwitz &ndash; Momentum responds that having a good team is crucial &ndash; both at home and at work. Especially when you&rsquo;re conducting the best European orchestras. In G&uuml;nter Atteln&rsquo;s film, we follow Joana Mallwitz during two pivotal years &ndash; when she gives birth to her son and her career accelerates significantly. But whether she&rsquo;s at home, at rehearsals, or in the spotlight, the German conductor strives to prove that perfection at work is just as important as finding the right rhythm in life.<\/p>\n\n\n\n<p><a href=\"https:\/\/open.spotify.com\/playlist\/3bWXZtAMAjltEj6wLxF7Ow?si=79aeb973bf774e97&amp;fbclid=IwAR1HoZonyIwF4jcbjQgXYnrNFeote8YUYB_0zBbQ5o1F7Ad37JfpzdT2c-s&amp;nd=1&amp;dlsi=71f054642f6c4d6a\">Listen to the artists<\/a> from the documentaries invited to the competition.<\/p>\n\n\n\n<p><b>Films featured in the International Music Documentary Competition<\/b><\/p>\n\n\n\n<ul><li><i><span style=\"font-weight: 400\">Abebe-Butterfly Song<\/span><\/i><span style=\"font-weight: 400\">, dir. Rosie Jones, Australia, 98&rsquo;, 2023<\/span><\/li><li><i><span style=\"font-weight: 400\">Berchidda Live &ndash; A Journey Into Time In Jazz Archive<\/span><\/i><span style=\"font-weight: 400\">, dir. Gianfranco Cabiddu, Michele Mellara, Alessandro Rossi, Italy, 93&rsquo;, 2023<\/span><\/li><li><i><span style=\"font-weight: 400\">Don Lewis And The Live Electronic Orchestra, <\/span><\/i><span style=\"font-weight: 400\">dir. Ned Augustenborg, USA, 80&rsquo;, 2023<\/span><\/li><li><i><span style=\"font-weight: 400\">Blues Run the Game: The Strange Tale of Jackson C. Frank, <\/span><\/i><span style=\"font-weight: 400\">dir. Damien Aim&eacute; Dupont, France, 84&rsquo;, 2023<\/span><\/li><li><i><span style=\"font-weight: 400\">Joana Mallwitz &ndash; Momentum, <\/span><\/i><span style=\"font-weight: 400\">dir.G&uuml;nter Atteln, Germany, 88&rsquo;, 2024<\/span><\/li><li><i><span style=\"font-weight: 400\">Omar and Cedric: If This Ever Gets Weird, <\/span><\/i><span style=\"font-weight: 400\">dir. Nicolas Jack Davies, Germany, 127&rsquo;, 2023 <\/span><\/li><li><i style=\"color: revert;font-size: revert;font-weight: revert\">Stay Homas. The Band That Shouldn&rsquo;t Exis<\/i><span style=\"color: revert;font-size: revert\">t, dir. Oriol Gispert, Nick Bolger, Ramon Balagu&eacute;, Spain, 81&rsquo;, 2024<\/span><\/li><li><i><span style=\"font-weight: 400\">Teaches of Peaches, <\/span><\/i><span style=\"font-weight: 400\">dir. Philipp Fussenegger, Judy Landkammer, Germany, 102&rsquo;, 2024<\/span><\/li><\/ul>\n\n\n\n<div class=\"wp-block-columns\">\n<div class=\"wp-block-column\">\n<figure class=\"wp-block-embed is-type-video is-provider-youtube wp-block-embed-youtube wp-embed-aspect-16-9 wp-has-aspect-ratio\"><div class=\"wp-block-embed__wrapper\">\n<iframe loading=\"lazy\" title=\"Abebe - Pie&#347; Motyla - KFF\" width=\"500\" height=\"281\" src=\"https:\/\/www.youtube.com\/embed\/6SFkI1U10xk?feature=oembed\" frameborder=\"0\" allow=\"accelerometer; autoplay; clipboard-write; encrypted-media; gyroscope; picture-in-picture; web-share\" referrerpolicy=\"strict-origin-when-cross-origin\" allowfullscreen><\/iframe>\n<\/div><\/figure>\n<\/div>\n\n\n\n<div class=\"wp-block-column\">\n<figure class=\"wp-block-embed is-type-video is-provider-youtube wp-block-embed-youtube wp-embed-aspect-16-9 wp-has-aspect-ratio\"><div class=\"wp-block-embed__wrapper\">\n<iframe loading=\"lazy\" title=\"Don Lewis i Live Electronic Orchestra - Trailer\" width=\"500\" height=\"281\" src=\"https:\/\/www.youtube.com\/embed\/FZ_aPTEMHfI?start=1&amp;feature=oembed\" frameborder=\"0\" allow=\"accelerometer; autoplay; clipboard-write; encrypted-media; gyroscope; picture-in-picture; web-share\" referrerpolicy=\"strict-origin-when-cross-origin\" allowfullscreen><\/iframe>\n<\/div><\/figure>\n<\/div>\n\n\n\n<div class=\"wp-block-column\">\n<figure class=\"wp-block-embed is-type-video is-provider-youtube wp-block-embed-youtube wp-embed-aspect-16-9 wp-has-aspect-ratio\"><div class=\"wp-block-embed__wrapper\">\n<iframe loading=\"lazy\" title=\"Dziwna historia Jacksona C. Franka - Trailer\" width=\"500\" height=\"281\" src=\"https:\/\/www.youtube.com\/embed\/WzdxbHQagH0?start=24&amp;feature=oembed\" frameborder=\"0\" allow=\"accelerometer; autoplay; clipboard-write; encrypted-media; gyroscope; picture-in-picture; web-share\" referrerpolicy=\"strict-origin-when-cross-origin\" allowfullscreen><\/iframe>\n<\/div><\/figure>\n<\/div>\n<\/div>\n\n\n\n<div class=\"wp-block-columns\">\n<div class=\"wp-block-column\">\n<figure class=\"wp-block-embed is-type-video is-provider-youtube wp-block-embed-youtube wp-embed-aspect-16-9 wp-has-aspect-ratio\"><div class=\"wp-block-embed__wrapper\">\n<iframe loading=\"lazy\" title=\"Stay Homas. Zesp&oacute;&#322;, kt&oacute;ry nie powinien istnie&#263; - Trailer\" width=\"500\" height=\"281\" src=\"https:\/\/www.youtube.com\/embed\/VDjzt8h2mZI?start=4&amp;feature=oembed\" frameborder=\"0\" allow=\"accelerometer; autoplay; clipboard-write; encrypted-media; gyroscope; picture-in-picture; web-share\" referrerpolicy=\"strict-origin-when-cross-origin\" allowfullscreen><\/iframe>\n<\/div><\/figure>\n<\/div>\n\n\n\n<div class=\"wp-block-column\">\n<figure class=\"wp-block-embed is-type-video is-provider-youtube wp-block-embed-youtube wp-embed-aspect-16-9 wp-has-aspect-ratio\"><div class=\"wp-block-embed__wrapper\">\n<iframe loading=\"lazy\" title=\"Omar and Cedric - Trailer\" width=\"500\" height=\"281\" src=\"https:\/\/www.youtube.com\/embed\/NvxFW8vQT84?start=2&amp;feature=oembed\" frameborder=\"0\" allow=\"accelerometer; autoplay; clipboard-write; encrypted-media; gyroscope; picture-in-picture; web-share\" referrerpolicy=\"strict-origin-when-cross-origin\" allowfullscreen><\/iframe>\n<\/div><\/figure>\n<\/div>\n\n\n\n<div class=\"wp-block-column\">\n<figure class=\"wp-block-embed is-type-video is-provider-youtube wp-block-embed-youtube wp-embed-aspect-16-9 wp-has-aspect-ratio\"><div class=\"wp-block-embed__wrapper\">\n<iframe loading=\"lazy\" title=\"Tako rzecze Peaches - Trailer\" width=\"500\" height=\"281\" src=\"https:\/\/www.youtube.com\/embed\/I2_JkKFuD-E?start=1&amp;feature=oembed\" frameborder=\"0\" allow=\"accelerometer; autoplay; clipboard-write; encrypted-media; gyroscope; picture-in-picture; web-share\" referrerpolicy=\"strict-origin-when-cross-origin\" allowfullscreen><\/iframe>\n<\/div><\/figure>\n<\/div>\n<\/div>\n\n\n\n<p><span style=\"font-weight: 400\">Passes for the 64th Krakow Film Festival are <\/span><a href=\"https:\/\/www.krakowfilmfestival.pl\/en\/64th-kff\/tickets-and-passes-64th-kff\/\"><span style=\"font-weight: 400\">on sale now!<\/span><\/a><\/p>\n\n\n\n<p><span style=\"font-weight: 400\">The Krakow Film Festival is on the exclusive list of qualifying events for the Oscars&reg; in the categories of short film (live action, animated, documentary) and documentary feature, as well as a recommending event for <\/span><a href=\"https:\/\/europeanfilmawards.eu\/?p=1\"><span style=\"font-weight: 400\">the European Film Awards<\/span><\/a><span style=\"font-weight: 400\"> in the same categories.<\/span><\/p>\n\n\n\n<p>The Krak&oacute;w Film Festival is organised with the financial support of the Municipality of Krak&oacute;w, the Ministry of Culture and National Heritage, the European Union&rsquo;s Creative Europe program, the Lesser Poland Province, the Polish Film Institute. The festival is co-organised by the Polish Filmmakers Association.<\/p>\n\n\n\n<p>The 64th Krakow Film Festival will be held in cinemas from 26 May to 2 June and online across Poland on the KFF VOD platform from 31 May to 16 June 2024.<\/p>\n<\/body><\/html>\n","protected":false},"excerpt":{"rendered":"<p>Eight titles from this year&#8217;s international DocFilmMusic competition promise both musical and technological discoveries. Here is an extraordinary music festival in Sardinia, a composed conductor, a queer vocalist, a mysterious musician, the synthesizer pioneer, two unconventional duos, and a band that shouldn&#8217;t exist. A jazz event and musicians of various genres, recorded on vinyl, tapes, [&hellip;]<\/p>\n","protected":false},"author":12,"featured_media":54694,"comment_status":"closed","ping_status":"closed","sticky":false,"template":"","format":"standard","meta":[],"categories":[2],"tags":[365,468,306,466,513,517,111,511,126,465,515,514,521,464,520,512,516,519,518],"acf":[],"yoast_head":"<!-- This site is optimized with the Yoast SEO plugin v18.9 - https:\/\/yoast.com\/wordpress\/plugins\/seo\/ -->\n<title>The International Music Documentary Competition DocFilmMusic at the 64th KFF - Krakow Film Festival<\/title>\n<meta name=\"description\" content=\"Through audio-visual recordings, we can experience not only music but also get closer to unique personalities from the history of pop culture\" \/>\n<meta name=\"robots\" content=\"index, follow, max-snippet:-1, max-image-preview:large, max-video-preview:-1\" \/>\n<link rel=\"canonical\" href=\"https:\/\/www.krakowfilmfestival.pl\/en\/the-international-music-documentary-competition-docfilmmusic-at-the-64th-krakow-film-festival\/\" \/>\n<meta property=\"og:locale\" content=\"en_US\" \/>\n<meta property=\"og:type\" content=\"article\" \/>\n<meta property=\"og:title\" content=\"The International Music Documentary Competition DocFilmMusic at the 64th KFF - Krakow Film Festival\" \/>\n<meta property=\"og:description\" content=\"Through audio-visual recordings, we can experience not only music but also get closer to unique personalities from the history of pop culture\" \/>\n<meta property=\"og:url\" content=\"https:\/\/www.krakowfilmfestival.pl\/en\/the-international-music-documentary-competition-docfilmmusic-at-the-64th-krakow-film-festival\/\" \/>\n<meta property=\"og:site_name\" content=\"Krakow Film Festival\" \/>\n<meta property=\"article:publisher\" content=\"https:\/\/www.facebook.com\/krakowfilmfest\/\" \/>\n<meta property=\"article:published_time\" content=\"2024-04-16T11:24:27+00:00\" \/>\n<meta property=\"article:modified_time\" content=\"2024-05-06T10:55:18+00:00\" \/>\n<meta property=\"og:image\" content=\"https:\/\/www.krakowfilmfestival.pl\/wp-content\/uploads\/2024\/04\/sh__1-1372-1.jpg\" \/>\n\t<meta property=\"og:image:width\" content=\"1920\" \/>\n\t<meta property=\"og:image:height\" content=\"1080\" \/>\n\t<meta property=\"og:image:type\" content=\"image\/jpeg\" \/>\n<meta name=\"twitter:card\" content=\"summary_large_image\" \/>\n<meta name=\"twitter:creator\" content=\"@krakowfilmfest\" \/>\n<meta name=\"twitter:site\" content=\"@krakowfilmfest\" \/>\n<meta name=\"twitter:label1\" content=\"Written by\" \/>\n\t<meta name=\"twitter:data1\" content=\"Magdalena Walo\" \/>\n\t<meta name=\"twitter:label2\" content=\"Est. reading time\" \/>\n\t<meta name=\"twitter:data2\" content=\"10 minutes\" \/>\n<script type=\"application\/ld+json\" class=\"yoast-schema-graph\">{\"@context\":\"https:\/\/schema.org\",\"@graph\":[{\"@type\":\"Organization\",\"@id\":\"https:\/\/www.krakowfilmfestival.pl\/en\/#organization\",\"name\":\"Krakowski Festiwal Filmowy\",\"url\":\"https:\/\/www.krakowfilmfestival.pl\/en\/\",\"sameAs\":[\"https:\/\/www.instagram.com\/krakowfilmfestival\/\",\"https:\/\/www.youtube.com\/user\/KrakowFilmFoundation\",\"https:\/\/pl.wikipedia.org\/wiki\/Krakowski_Festiwal_Filmowy\",\"https:\/\/www.facebook.com\/krakowfilmfest\/\",\"https:\/\/twitter.com\/krakowfilmfest\"],\"logo\":{\"@type\":\"ImageObject\",\"inLanguage\":\"en-US\",\"@id\":\"https:\/\/www.krakowfilmfestival.pl\/en\/#\/schema\/logo\/image\/\",\"url\":\"https:\/\/www.krakowfilmfestival.pl\/wp-content\/uploads\/2024\/03\/logokff_uniwersalne.jpg\",\"contentUrl\":\"https:\/\/www.krakowfilmfestival.pl\/wp-content\/uploads\/2024\/03\/logokff_uniwersalne.jpg\",\"width\":1241,\"height\":699,\"caption\":\"Krakowski Festiwal Filmowy\"},\"image\":{\"@id\":\"https:\/\/www.krakowfilmfestival.pl\/en\/#\/schema\/logo\/image\/\"}},{\"@type\":\"WebSite\",\"@id\":\"https:\/\/www.krakowfilmfestival.pl\/en\/#website\",\"url\":\"https:\/\/www.krakowfilmfestival.pl\/en\/\",\"name\":\"Krakow Film Festival\",\"description\":\"In Cracow since 1961\",\"publisher\":{\"@id\":\"https:\/\/www.krakowfilmfestival.pl\/en\/#organization\"},\"potentialAction\":[{\"@type\":\"SearchAction\",\"target\":{\"@type\":\"EntryPoint\",\"urlTemplate\":\"https:\/\/www.krakowfilmfestival.pl\/en\/?s={search_term_string}\"},\"query-input\":\"required name=search_term_string\"}],\"inLanguage\":\"en-US\"},{\"@type\":\"ImageObject\",\"inLanguage\":\"en-US\",\"@id\":\"https:\/\/www.krakowfilmfestival.pl\/en\/the-international-music-documentary-competition-docfilmmusic-at-the-64th-krakow-film-festival\/#primaryimage\",\"url\":\"https:\/\/www.krakowfilmfestival.pl\/wp-content\/uploads\/2024\/04\/sh__1-1372-1.jpg\",\"contentUrl\":\"https:\/\/www.krakowfilmfestival.pl\/wp-content\/uploads\/2024\/04\/sh__1-1372-1.jpg\",\"width\":1920,\"height\":1080,\"caption\":\"Stay_Homas_dir_O.Gispert_N.Bolger_R.Balague\"},{\"@type\":\"WebPage\",\"@id\":\"https:\/\/www.krakowfilmfestival.pl\/en\/the-international-music-documentary-competition-docfilmmusic-at-the-64th-krakow-film-festival\/#webpage\",\"url\":\"https:\/\/www.krakowfilmfestival.pl\/en\/the-international-music-documentary-competition-docfilmmusic-at-the-64th-krakow-film-festival\/\",\"name\":\"The International Music Documentary Competition DocFilmMusic at the 64th KFF - Krakow Film Festival\",\"isPartOf\":{\"@id\":\"https:\/\/www.krakowfilmfestival.pl\/en\/#website\"},\"primaryImageOfPage\":{\"@id\":\"https:\/\/www.krakowfilmfestival.pl\/en\/the-international-music-documentary-competition-docfilmmusic-at-the-64th-krakow-film-festival\/#primaryimage\"},\"datePublished\":\"2024-04-16T11:24:27+00:00\",\"dateModified\":\"2024-05-06T10:55:18+00:00\",\"description\":\"Through audio-visual recordings, we can experience not only music but also get closer to unique personalities from the history of pop culture\",\"breadcrumb\":{\"@id\":\"https:\/\/www.krakowfilmfestival.pl\/en\/the-international-music-documentary-competition-docfilmmusic-at-the-64th-krakow-film-festival\/#breadcrumb\"},\"inLanguage\":\"en-US\",\"potentialAction\":[{\"@type\":\"ReadAction\",\"target\":[\"https:\/\/www.krakowfilmfestival.pl\/en\/the-international-music-documentary-competition-docfilmmusic-at-the-64th-krakow-film-festival\/\"]}]},{\"@type\":\"BreadcrumbList\",\"@id\":\"https:\/\/www.krakowfilmfestival.pl\/en\/the-international-music-documentary-competition-docfilmmusic-at-the-64th-krakow-film-festival\/#breadcrumb\",\"itemListElement\":[{\"@type\":\"ListItem\",\"position\":1,\"name\":\"Strona g\u0142\u00f3wna\",\"item\":\"https:\/\/www.krakowfilmfestival.pl\/en\/\"},{\"@type\":\"ListItem\",\"position\":2,\"name\":\"The International Music Documentary Competition DocFilmMusic at the 64th KFF\"}]},{\"@type\":\"Article\",\"@id\":\"https:\/\/www.krakowfilmfestival.pl\/en\/the-international-music-documentary-competition-docfilmmusic-at-the-64th-krakow-film-festival\/#article\",\"isPartOf\":{\"@id\":\"https:\/\/www.krakowfilmfestival.pl\/en\/the-international-music-documentary-competition-docfilmmusic-at-the-64th-krakow-film-festival\/#webpage\"},\"author\":{\"@id\":\"https:\/\/www.krakowfilmfestival.pl\/en\/#\/schema\/person\/8f0b9cb0d9fdcfa328c336cca8d78e0c\"},\"headline\":\"The International Music Documentary Competition DocFilmMusic at the 64th KFF\",\"datePublished\":\"2024-04-16T11:24:27+00:00\",\"dateModified\":\"2024-05-06T10:55:18+00:00\",\"mainEntityOfPage\":{\"@id\":\"https:\/\/www.krakowfilmfestival.pl\/en\/the-international-music-documentary-competition-docfilmmusic-at-the-64th-krakow-film-festival\/#webpage\"},\"wordCount\":1441,\"publisher\":{\"@id\":\"https:\/\/www.krakowfilmfestival.pl\/en\/#organization\"},\"image\":{\"@id\":\"https:\/\/www.krakowfilmfestival.pl\/en\/the-international-music-documentary-competition-docfilmmusic-at-the-64th-krakow-film-festival\/#primaryimage\"},\"thumbnailUrl\":\"https:\/\/www.krakowfilmfestival.pl\/wp-content\/uploads\/2024\/04\/sh__1-1372-1.jpg\",\"keywords\":[\"_insider\",\"_insider\",\"64kff\",\"64kff\",\"Abebe - Pie\u015b\u0144 motyla\",\"Berchidda Live\",\"DocFilmMusic\",\"docfilmmusic\",\"documentary\",\"documentary\",\"Don Lewis i The Live Electronic Orchestra\",\"Dziwna historia Jacksona C. Franka\",\"Joana Mallwitz - we w\u0142asnym tempie\",\"Krakow Film Festival\",\"kt\u00f3ry nie powinien istnie\u0107\",\"mi\u0119dzynarodowy konkurs dokument\u00f3w muzycznych\",\"Omar i Cedric\",\"Stay Homas. Zesp\u00f3\u0142\",\"Tako rzecze Peaches\"],\"articleSection\":[\"News\"],\"inLanguage\":\"en-US\"},{\"@type\":\"Person\",\"@id\":\"https:\/\/www.krakowfilmfestival.pl\/en\/#\/schema\/person\/8f0b9cb0d9fdcfa328c336cca8d78e0c\",\"name\":\"Magdalena Walo\",\"image\":{\"@type\":\"ImageObject\",\"inLanguage\":\"en-US\",\"@id\":\"https:\/\/www.krakowfilmfestival.pl\/en\/#\/schema\/person\/image\/\",\"url\":\"https:\/\/secure.gravatar.com\/avatar\/073baf015d711869e03437cd32f45a61?s=96&d=mm&r=g\",\"contentUrl\":\"https:\/\/secure.gravatar.com\/avatar\/073baf015d711869e03437cd32f45a61?s=96&d=mm&r=g\",\"caption\":\"Magdalena Walo\"}}]}<\/script>\n<!-- \/ Yoast SEO plugin. -->","yoast_head_json":{"title":"The International Music Documentary Competition DocFilmMusic at the 64th KFF - Krakow Film Festival","description":"Through audio-visual recordings, we can experience not only music but also get closer to unique personalities from the history of pop culture","robots":{"index":"index","follow":"follow","max-snippet":"max-snippet:-1","max-image-preview":"max-image-preview:large","max-video-preview":"max-video-preview:-1"},"canonical":"https:\/\/www.krakowfilmfestival.pl\/en\/the-international-music-documentary-competition-docfilmmusic-at-the-64th-krakow-film-festival\/","og_locale":"en_US","og_type":"article","og_title":"The International Music Documentary Competition DocFilmMusic at the 64th KFF - Krakow Film Festival","og_description":"Through audio-visual recordings, we can experience not only music but also get closer to unique personalities from the history of pop culture","og_url":"https:\/\/www.krakowfilmfestival.pl\/en\/the-international-music-documentary-competition-docfilmmusic-at-the-64th-krakow-film-festival\/","og_site_name":"Krakow Film Festival","article_publisher":"https:\/\/www.facebook.com\/krakowfilmfest\/","article_published_time":"2024-04-16T11:24:27+00:00","article_modified_time":"2024-05-06T10:55:18+00:00","og_image":[{"width":1920,"height":1080,"url":"https:\/\/www.krakowfilmfestival.pl\/wp-content\/uploads\/2024\/04\/sh__1-1372-1.jpg","type":"image\/jpeg"}],"twitter_card":"summary_large_image","twitter_creator":"@krakowfilmfest","twitter_site":"@krakowfilmfest","twitter_misc":{"Written by":"Magdalena Walo","Est. reading time":"10 minutes"},"schema":{"@context":"https:\/\/schema.org","@graph":[{"@type":"Organization","@id":"https:\/\/www.krakowfilmfestival.pl\/en\/#organization","name":"Krakowski Festiwal Filmowy","url":"https:\/\/www.krakowfilmfestival.pl\/en\/","sameAs":["https:\/\/www.instagram.com\/krakowfilmfestival\/","https:\/\/www.youtube.com\/user\/KrakowFilmFoundation","https:\/\/pl.wikipedia.org\/wiki\/Krakowski_Festiwal_Filmowy","https:\/\/www.facebook.com\/krakowfilmfest\/","https:\/\/twitter.com\/krakowfilmfest"],"logo":{"@type":"ImageObject","inLanguage":"en-US","@id":"https:\/\/www.krakowfilmfestival.pl\/en\/#\/schema\/logo\/image\/","url":"https:\/\/www.krakowfilmfestival.pl\/wp-content\/uploads\/2024\/03\/logokff_uniwersalne.jpg","contentUrl":"https:\/\/www.krakowfilmfestival.pl\/wp-content\/uploads\/2024\/03\/logokff_uniwersalne.jpg","width":1241,"height":699,"caption":"Krakowski Festiwal Filmowy"},"image":{"@id":"https:\/\/www.krakowfilmfestival.pl\/en\/#\/schema\/logo\/image\/"}},{"@type":"WebSite","@id":"https:\/\/www.krakowfilmfestival.pl\/en\/#website","url":"https:\/\/www.krakowfilmfestival.pl\/en\/","name":"Krakow Film Festival","description":"In Cracow since 1961","publisher":{"@id":"https:\/\/www.krakowfilmfestival.pl\/en\/#organization"},"potentialAction":[{"@type":"SearchAction","target":{"@type":"EntryPoint","urlTemplate":"https:\/\/www.krakowfilmfestival.pl\/en\/?s={search_term_string}"},"query-input":"required name=search_term_string"}],"inLanguage":"en-US"},{"@type":"ImageObject","inLanguage":"en-US","@id":"https:\/\/www.krakowfilmfestival.pl\/en\/the-international-music-documentary-competition-docfilmmusic-at-the-64th-krakow-film-festival\/#primaryimage","url":"https:\/\/www.krakowfilmfestival.pl\/wp-content\/uploads\/2024\/04\/sh__1-1372-1.jpg","contentUrl":"https:\/\/www.krakowfilmfestival.pl\/wp-content\/uploads\/2024\/04\/sh__1-1372-1.jpg","width":1920,"height":1080,"caption":"Stay_Homas_dir_O.Gispert_N.Bolger_R.Balague"},{"@type":"WebPage","@id":"https:\/\/www.krakowfilmfestival.pl\/en\/the-international-music-documentary-competition-docfilmmusic-at-the-64th-krakow-film-festival\/#webpage","url":"https:\/\/www.krakowfilmfestival.pl\/en\/the-international-music-documentary-competition-docfilmmusic-at-the-64th-krakow-film-festival\/","name":"The International Music Documentary Competition DocFilmMusic at the 64th KFF - Krakow Film Festival","isPartOf":{"@id":"https:\/\/www.krakowfilmfestival.pl\/en\/#website"},"primaryImageOfPage":{"@id":"https:\/\/www.krakowfilmfestival.pl\/en\/the-international-music-documentary-competition-docfilmmusic-at-the-64th-krakow-film-festival\/#primaryimage"},"datePublished":"2024-04-16T11:24:27+00:00","dateModified":"2024-05-06T10:55:18+00:00","description":"Through audio-visual recordings, we can experience not only music but also get closer to unique personalities from the history of pop culture","breadcrumb":{"@id":"https:\/\/www.krakowfilmfestival.pl\/en\/the-international-music-documentary-competition-docfilmmusic-at-the-64th-krakow-film-festival\/#breadcrumb"},"inLanguage":"en-US","potentialAction":[{"@type":"ReadAction","target":["https:\/\/www.krakowfilmfestival.pl\/en\/the-international-music-documentary-competition-docfilmmusic-at-the-64th-krakow-film-festival\/"]}]},{"@type":"BreadcrumbList","@id":"https:\/\/www.krakowfilmfestival.pl\/en\/the-international-music-documentary-competition-docfilmmusic-at-the-64th-krakow-film-festival\/#breadcrumb","itemListElement":[{"@type":"ListItem","position":1,"name":"Strona g\u0142\u00f3wna","item":"https:\/\/www.krakowfilmfestival.pl\/en\/"},{"@type":"ListItem","position":2,"name":"The International Music Documentary Competition DocFilmMusic at the 64th KFF"}]},{"@type":"Article","@id":"https:\/\/www.krakowfilmfestival.pl\/en\/the-international-music-documentary-competition-docfilmmusic-at-the-64th-krakow-film-festival\/#article","isPartOf":{"@id":"https:\/\/www.krakowfilmfestival.pl\/en\/the-international-music-documentary-competition-docfilmmusic-at-the-64th-krakow-film-festival\/#webpage"},"author":{"@id":"https:\/\/www.krakowfilmfestival.pl\/en\/#\/schema\/person\/8f0b9cb0d9fdcfa328c336cca8d78e0c"},"headline":"The International Music Documentary Competition DocFilmMusic at the 64th KFF","datePublished":"2024-04-16T11:24:27+00:00","dateModified":"2024-05-06T10:55:18+00:00","mainEntityOfPage":{"@id":"https:\/\/www.krakowfilmfestival.pl\/en\/the-international-music-documentary-competition-docfilmmusic-at-the-64th-krakow-film-festival\/#webpage"},"wordCount":1441,"publisher":{"@id":"https:\/\/www.krakowfilmfestival.pl\/en\/#organization"},"image":{"@id":"https:\/\/www.krakowfilmfestival.pl\/en\/the-international-music-documentary-competition-docfilmmusic-at-the-64th-krakow-film-festival\/#primaryimage"},"thumbnailUrl":"https:\/\/www.krakowfilmfestival.pl\/wp-content\/uploads\/2024\/04\/sh__1-1372-1.jpg","keywords":["_insider","_insider","64kff","64kff","Abebe - Pie\u015b\u0144 motyla","Berchidda Live","DocFilmMusic","docfilmmusic","documentary","documentary","Don Lewis i The Live Electronic Orchestra","Dziwna historia Jacksona C. Franka","Joana Mallwitz - we w\u0142asnym tempie","Krakow Film Festival","kt\u00f3ry nie powinien istnie\u0107","mi\u0119dzynarodowy konkurs dokument\u00f3w muzycznych","Omar i Cedric","Stay Homas. Zesp\u00f3\u0142","Tako rzecze Peaches"],"articleSection":["News"],"inLanguage":"en-US"},{"@type":"Person","@id":"https:\/\/www.krakowfilmfestival.pl\/en\/#\/schema\/person\/8f0b9cb0d9fdcfa328c336cca8d78e0c","name":"Magdalena Walo","image":{"@type":"ImageObject","inLanguage":"en-US","@id":"https:\/\/www.krakowfilmfestival.pl\/en\/#\/schema\/person\/image\/","url":"https:\/\/secure.gravatar.com\/avatar\/073baf015d711869e03437cd32f45a61?s=96&d=mm&r=g","contentUrl":"https:\/\/secure.gravatar.com\/avatar\/073baf015d711869e03437cd32f45a61?s=96&d=mm&r=g","caption":"Magdalena Walo"}}]}},"_links":{"self":[{"href":"https:\/\/www.krakowfilmfestival.pl\/en\/wp-json\/wp\/v2\/posts\/54490"}],"collection":[{"href":"https:\/\/www.krakowfilmfestival.pl\/en\/wp-json\/wp\/v2\/posts"}],"about":[{"href":"https:\/\/www.krakowfilmfestival.pl\/en\/wp-json\/wp\/v2\/types\/post"}],"author":[{"embeddable":true,"href":"https:\/\/www.krakowfilmfestival.pl\/en\/wp-json\/wp\/v2\/users\/12"}],"replies":[{"embeddable":true,"href":"https:\/\/www.krakowfilmfestival.pl\/en\/wp-json\/wp\/v2\/comments?post=54490"}],"version-history":[{"count":10,"href":"https:\/\/www.krakowfilmfestival.pl\/en\/wp-json\/wp\/v2\/posts\/54490\/revisions"}],"predecessor-version":[{"id":56279,"href":"https:\/\/www.krakowfilmfestival.pl\/en\/wp-json\/wp\/v2\/posts\/54490\/revisions\/56279"}],"wp:featuredmedia":[{"embeddable":true,"href":"https:\/\/www.krakowfilmfestival.pl\/en\/wp-json\/wp\/v2\/media\/54694"}],"wp:attachment":[{"href":"https:\/\/www.krakowfilmfestival.pl\/en\/wp-json\/wp\/v2\/media?parent=54490"}],"wp:term":[{"taxonomy":"category","embeddable":true,"href":"https:\/\/www.krakowfilmfestival.pl\/en\/wp-json\/wp\/v2\/categories?post=54490"},{"taxonomy":"post_tag","embeddable":true,"href":"https:\/\/www.krakowfilmfestival.pl\/en\/wp-json\/wp\/v2\/tags?post=54490"}],"curies":[{"name":"wp","href":"https:\/\/api.w.org\/{rel}","templated":true}]}}