{"id":64337,"date":"2025-04-15T14:25:02","date_gmt":"2025-04-15T12:25:02","guid":{"rendered":"https:\/\/www.krakowfilmfestival.pl\/short-matters-short-films-of-the-year-at-the-65th-krakow-film-festival\/"},"modified":"2025-12-01T04:31:05","modified_gmt":"2025-12-01T03:31:05","slug":"short-matters-short-films-of-the-year-at-the-65th-krakow-film-festival","status":"publish","type":"post","link":"https:\/\/www.krakowfilmfestival.pl\/en\/short-matters-short-films-of-the-year-at-the-65th-krakow-film-festival\/","title":{"rendered":"Short Matters! Short Films of the Year at the 65th Krakow Film Festival"},"content":{"rendered":"\n<p><b>They have earned praise from critics, captivated audiences across the globe, and garnered accolades at prestigious festivals \u2013 all while conveying a breadth of perspectives and \u2013 often harrowing \u2013 emotions through the short form. The Krakow Film Festival once again invites audiences to experience the most compelling European animated, fiction, and documentary shorts of the past year. <\/b><\/p>\n\n<p><span style=\"font-weight: 400;\">The <\/span><b>Short Matters! Short Films of the Year<\/b><span style=\"font-weight: 400;\"> has accompanied the festival for years. This year&#8217;s edition is going to be full of surprising animations and fiction films inspired by both historical events and current socio-political issues. All the films featured in the section have been shortlisted for nomination for the European Film Awards \u2013 the continent&#8217;s equivalent of the American Oscars.<\/span><\/p>\n\n<p><b>Animation<\/b><\/p>\n\n<p><span style=\"font-weight: 400;\">Among the selected films is <\/span><b><i>Zima<\/i><\/b><span style=\"font-weight: 400;\"> directed by <\/span><b>Tomasz Popakul and Kasumi Ozeki<\/b><span style=\"font-weight: 400;\">, which previously impressed the Jury at the 63<\/span><span style=\"font-weight: 400;\">rd<\/span><span style=\"font-weight: 400;\"> Krakow Film Festival, winning the Golden Dragon in the International Short Film Competition and the Golden Hobby-Horse in the National Competition. It is a metaphysical ecological horror set in a snow-covered village which becomes a nesting ground of Polish vices. The film&#8217;s punk-metal soundtrack intensifies the darkness of this cruel microcosm where coldness dominates human relationships, and superiority over nature is justified by tradition and beliefs. Amidst this, two sensitive rebels strive to find their place.<\/span><\/p>\n\n<figure class=\"wp-block-gallery has-nested-images columns-default is-cropped\">\n<figure class=\"wp-block-image size-large\"><img loading=\"lazy\" width=\"1280\" height=\"720\" data-id=\"64320\"  src=\"https:\/\/www.krakowfilmfestival.pl\/wp-content\/uploads\/2025\/04\/95.jpg\" alt=\"\" class=\"wp-image-64320\" srcset=\"https:\/\/www.krakowfilmfestival.pl\/wp-content\/uploads\/2025\/04\/95.jpg 1280w, https:\/\/www.krakowfilmfestival.pl\/wp-content\/uploads\/2025\/04\/95-729x410.jpg 729w, https:\/\/www.krakowfilmfestival.pl\/wp-content\/uploads\/2025\/04\/95-492x277.jpg 492w\" sizes=\"(max-width: 1280px) 100vw, 1280px\" \/><figcaption>Zima, dir. Tomek Popakul, Kasumi Ozeki<\/figcaption><\/figure>\n\n\n\n<figure class=\"wp-block-image size-large\"><img loading=\"lazy\" width=\"1280\" height=\"720\" data-id=\"64330\"  src=\"https:\/\/www.krakowfilmfestival.pl\/wp-content\/uploads\/2025\/04\/100.jpg\" alt=\"\" class=\"wp-image-64330\" srcset=\"https:\/\/www.krakowfilmfestival.pl\/wp-content\/uploads\/2025\/04\/100.jpg 1280w, https:\/\/www.krakowfilmfestival.pl\/wp-content\/uploads\/2025\/04\/100-729x410.jpg 729w, https:\/\/www.krakowfilmfestival.pl\/wp-content\/uploads\/2025\/04\/100-492x277.jpg 492w\" sizes=\"(max-width: 1280px) 100vw, 1280px\" \/><figcaption>The Exploding Girl, dir. Caroline Poggi, Jonathan Vinel<\/figcaption><\/figure>\n<\/figure>\n\n<p><span style=\"font-weight: 400;\">Youthful anger also erupts \u2013 literally, up to seven times a day \u2013 in <\/span><b><i>The Exploding Girl<\/i><\/b><span style=\"font-weight: 400;\"> directed by <\/span><b>Caroline Poggi and Jonathan Vinel<\/b><span style=\"font-weight: 400;\">. Over three months, Candice&#8217;s body becomes a battleground for her emotions, with each detonation representing a helpless outburst of anger and existential anxiety. Through this brutal yet moving metaphor, the filmmakers explore the sensitivity and frustration of Generation Z, exhausted by constant pressure. The animation, balancing post-realism and video game aesthetics, captivates with its provocative form and unique sense of humour. <\/span><\/p>\n\n<p><span style=\"font-weight: 400;\">German director <\/span><b>Ulu Braun<\/b><span style=\"font-weight: 400;\"> contemplates the state of the modern world in his ingenious video collage <\/span><b><i>Pacific Vein<\/i><\/b><span style=\"font-weight: 400;\">. By combining media images with documentary footage, Braun takes the audience on a journey through America, where Julian Assange \u2013 Australian activist and founder of the whistleblowing website WikiLeaks \u2013 stands among replicas of Roman imperial architecture. Here, portrayed as a soda vendor, he reflects on the digital transformation of our reality, where everyone is under constant surveillance of ever-present cameras. In <\/span><b>Braun&#8217;s<\/b><span style=\"font-weight: 400;\"> vision, the famed American dream morphs into a nightmare, where you can no longer know who the enemy is and where one can find the line dividing reality from fiction. <\/span><\/p>\n\n<figure class=\"wp-block-gallery has-nested-images columns-default is-cropped\">\n<figure class=\"wp-block-image size-large\"><img loading=\"lazy\" width=\"1280\" height=\"720\" data-id=\"64318\"  src=\"https:\/\/www.krakowfilmfestival.pl\/wp-content\/uploads\/2025\/04\/94.jpg\" alt=\"\" class=\"wp-image-64318\" srcset=\"https:\/\/www.krakowfilmfestival.pl\/wp-content\/uploads\/2025\/04\/94.jpg 1280w, https:\/\/www.krakowfilmfestival.pl\/wp-content\/uploads\/2025\/04\/94-729x410.jpg 729w, https:\/\/www.krakowfilmfestival.pl\/wp-content\/uploads\/2025\/04\/94-492x277.jpg 492w\" sizes=\"(max-width: 1280px) 100vw, 1280px\" \/><figcaption>Wander to Wonder, dir. Nina Gantz<\/figcaption><\/figure>\n\n\n\n<figure class=\"wp-block-image size-large\"><img loading=\"lazy\" width=\"1280\" height=\"720\" data-id=\"64324\"  src=\"https:\/\/www.krakowfilmfestival.pl\/wp-content\/uploads\/2025\/04\/97.jpg\" alt=\"\" class=\"wp-image-64324\" srcset=\"https:\/\/www.krakowfilmfestival.pl\/wp-content\/uploads\/2025\/04\/97.jpg 1280w, https:\/\/www.krakowfilmfestival.pl\/wp-content\/uploads\/2025\/04\/97-729x410.jpg 729w, https:\/\/www.krakowfilmfestival.pl\/wp-content\/uploads\/2025\/04\/97-492x277.jpg 492w\" sizes=\"(max-width: 1280px) 100vw, 1280px\" \/><figcaption>Pacific Vein, dir. Ulu Braun<\/figcaption><\/figure>\n<\/figure>\n\n<p><span style=\"font-weight: 400;\">Longing for the camera and life under constant observation are the tiny characters of the Oscar-nominated stop-motion animation <\/span><b><i>Wander to Wonder<\/i><\/b><span style=\"font-weight: 400;\"> directed by <\/span><b>Nina Gantz<\/b><span style=\"font-weight: 400;\">. Mary, Billybud, and Fumbleton, stars of the former children&#8217;s programme Wander to Wonder, find themselves trapped in a studio following the sudden death of their beloved caretaker and show creator. The studio becomes both a prison and a place of mourning. The heroes wither away from an overabundance of memories as well as physical hunger while attempting to film new episodes, with each subsequent effort ending in failure. In this world, nostalgia intertwines with horror, and innocence with grotesque. <\/span><b>Gantz<\/b><span style=\"font-weight: 400;\"> skilfully balances humour and tenderness to weave a poignant tale of loss, denial, and the transition to a new chapter in life. <\/span><\/p>\n\n<p><b>Documentary<\/b><\/p>\n\n<p><span style=\"font-weight: 400;\">An unconventional form in the \u201cShort Matters!\u201d section \u2013 though no longer animation but an experimental documentary using photogrammetry \u2013 is presented by <\/span><b>Alice Brygo<\/b><span style=\"font-weight: 400;\"> in <\/span><b><i>Ardent Other<\/i><\/b><span style=\"font-weight: 400;\">. To ignite collective imagination and convey the mood of a society in moral crisis, the director needed only a crowd gazing into a fire. The catastrophe remains off-screen, but its destructive force is reflected on the faces \u2013 motionless, illuminated by the flames. <\/span><b>Brygo<\/b><span style=\"font-weight: 400;\"> guides us through mass terror, where voices from the crowd \u2013 whispers, screams, expressions of despair and anger \u2013 reveal the fears and fantasies of contemporary France. <\/span><\/p>\n\n<figure class=\"wp-block-gallery has-nested-images columns-default is-cropped\">\n<figure class=\"wp-block-image size-large\"><img loading=\"lazy\" width=\"1280\" height=\"720\" data-id=\"64312\"  src=\"https:\/\/www.krakowfilmfestival.pl\/wp-content\/uploads\/2025\/04\/91.jpg\" alt=\"\" class=\"wp-image-64312\" srcset=\"https:\/\/www.krakowfilmfestival.pl\/wp-content\/uploads\/2025\/04\/91.jpg 1280w, https:\/\/www.krakowfilmfestival.pl\/wp-content\/uploads\/2025\/04\/91-729x410.jpg 729w, https:\/\/www.krakowfilmfestival.pl\/wp-content\/uploads\/2025\/04\/91-492x277.jpg 492w\" sizes=\"(max-width: 1280px) 100vw, 1280px\" \/><figcaption>2720, dir. Basil da Cunha<\/figcaption><\/figure>\n\n\n\n<figure class=\"wp-block-image size-large\"><img loading=\"lazy\" width=\"1280\" height=\"720\" data-id=\"64314\"  src=\"https:\/\/www.krakowfilmfestival.pl\/wp-content\/uploads\/2025\/04\/92.jpg\" alt=\"\" class=\"wp-image-64314\" srcset=\"https:\/\/www.krakowfilmfestival.pl\/wp-content\/uploads\/2025\/04\/92.jpg 1280w, https:\/\/www.krakowfilmfestival.pl\/wp-content\/uploads\/2025\/04\/92-729x410.jpg 729w, https:\/\/www.krakowfilmfestival.pl\/wp-content\/uploads\/2025\/04\/92-492x277.jpg 492w\" sizes=\"(max-width: 1280px) 100vw, 1280px\" \/><figcaption>Ardent Other, dir. Alice Brygo<\/figcaption><\/figure>\n<\/figure>\n\n<p><span style=\"font-weight: 400;\">Social issues, filtered through the sensitivity of a seven-year-old girl searching for her brother after a brutal police raid, and a young boy trying to start anew after prison, also interest <\/span><b>Basil da Cunha<\/b><span style=\"font-weight: 400;\"> in <\/span><b><i>2720<\/i><\/b><span style=\"font-weight: 400;\">. The director, oscillating between fiction and documentary, painfully intertwines their stories to portray the inequalities of Portuguese reality, where there&#8217;s a will but there&#8217;s not always a way.\u00a0<\/span><\/p>\n\n<p><b>Fiction<\/b><\/p>\n\n<p><span style=\"font-weight: 400;\">Current topics and strained relationships are also explored by filmmakers creating fiction films. A prime example is <\/span><b>Mohammed Almughanni<\/b><span style=\"font-weight: 400;\">, who in <\/span><b><i>An Orange from Jaffa<\/i><\/b><span style=\"font-weight: 400;\"> \u2013 a production recognised in the previous edition of the Festival with the Jury Award for Best European Film \u2013 unexpectedly intertwines the fates of an ageing Jew and a young Palestinian. The men are detained by soldiers at a checkpoint near Jerusalem, where, trapped in a car, they must spend several long hours together. Shared fear and escalating tension while waiting for a decision that is to affect the rest of their lives bring the protagonists closer. Through this intimate story, Almughanni exposes not only the absurdity of the ongoing conflict but also shows that sometimes the hardest boundaries to cross are those built in our minds. <\/span><\/p>\n\n<figure class=\"wp-block-gallery has-nested-images columns-default is-cropped\">\n<figure class=\"wp-block-image size-large\"><img loading=\"lazy\" width=\"1280\" height=\"720\" data-id=\"64316\"  src=\"https:\/\/www.krakowfilmfestival.pl\/wp-content\/uploads\/2025\/04\/93.jpg\" alt=\"\" class=\"wp-image-64316\" srcset=\"https:\/\/www.krakowfilmfestival.pl\/wp-content\/uploads\/2025\/04\/93.jpg 1280w, https:\/\/www.krakowfilmfestival.pl\/wp-content\/uploads\/2025\/04\/93-729x410.jpg 729w, https:\/\/www.krakowfilmfestival.pl\/wp-content\/uploads\/2025\/04\/93-492x277.jpg 492w\" sizes=\"(max-width: 1280px) 100vw, 1280px\" \/><figcaption>An Orange from Jaffa, dir. Mohammed Almughanni<\/figcaption><\/figure>\n\n\n\n<figure class=\"wp-block-image size-large\"><img loading=\"lazy\" width=\"1280\" height=\"720\" data-id=\"64322\"  src=\"https:\/\/www.krakowfilmfestival.pl\/wp-content\/uploads\/2025\/04\/96.jpg\" alt=\"\" class=\"wp-image-64322\" srcset=\"https:\/\/www.krakowfilmfestival.pl\/wp-content\/uploads\/2025\/04\/96.jpg 1280w, https:\/\/www.krakowfilmfestival.pl\/wp-content\/uploads\/2025\/04\/96-729x410.jpg 729w, https:\/\/www.krakowfilmfestival.pl\/wp-content\/uploads\/2025\/04\/96-492x277.jpg 492w\" sizes=\"(max-width: 1280px) 100vw, 1280px\" \/><figcaption>The Man Who Could Not Remain Silent dir. Neboj\u0161a Slijep\u010devi\u0107<\/figcaption><\/figure>\n<\/figure>\n\n<p><span style=\"font-weight: 400;\">A similarly absurd and politically motivated detention is depicted in the Palme d&#8217;Or-winning <\/span><b><i>The Man Who Could Not Remain Silent<\/i><\/b><span style=\"font-weight: 400;\"> (dir. <\/span><b>Neboj\u0161a Slijep\u010devi\u0107<\/b><span style=\"font-weight: 400;\">). The film recounts true events from 1993 when an oppressive border inspection occurred at the train station \u0160trpci, Bosnia and Herzegovina. When one passenger, Milan, cannot prove his identity, the situation becomes tragic. Among hundreds of travellers, however, one man dares to speak up. <\/span><b>Slijep\u010devi\u0107<\/b><span style=\"font-weight: 400;\"> shies away from pathos and excessive dialogue, focusing the camera on glances, gestures, and the poignant silence between the characters. <\/span><\/p>\n\n<p><span style=\"font-weight: 400;\">Moral dilemmas \u2013 though in a film escaping the burden of political conflict \u2013 are faced by the protagonists of the French production <\/span><b><i>Clamor<\/i><\/b><span style=\"font-weight: 400;\">. Director <\/span><b>Salom\u00e9 Da Souza<\/b><span style=\"font-weight: 400;\"> crosses social taboos and, in an atmosphere full of sensual tension, shows a forbidden love between cousins.<\/span><\/p>\n\n<figure class=\"wp-block-gallery has-nested-images columns-default is-cropped\">\n<figure class=\"wp-block-image size-large\"><img loading=\"lazy\" width=\"1280\" height=\"720\" data-id=\"64328\"  src=\"https:\/\/www.krakowfilmfestival.pl\/wp-content\/uploads\/2025\/04\/99.jpg\" alt=\"\" class=\"wp-image-64328\" srcset=\"https:\/\/www.krakowfilmfestival.pl\/wp-content\/uploads\/2025\/04\/99.jpg 1280w, https:\/\/www.krakowfilmfestival.pl\/wp-content\/uploads\/2025\/04\/99-729x410.jpg 729w, https:\/\/www.krakowfilmfestival.pl\/wp-content\/uploads\/2025\/04\/99-492x277.jpg 492w\" sizes=\"(max-width: 1280px) 100vw, 1280px\" \/><figcaption>Clamor, dir. Salom\u00e9 Da Souza<\/figcaption><\/figure>\n\n\n\n<figure class=\"wp-block-image size-large\"><img loading=\"lazy\" width=\"1280\" height=\"720\" data-id=\"64326\"  src=\"https:\/\/www.krakowfilmfestival.pl\/wp-content\/uploads\/2025\/04\/98.jpg\" alt=\"\" class=\"wp-image-64326\" srcset=\"https:\/\/www.krakowfilmfestival.pl\/wp-content\/uploads\/2025\/04\/98.jpg 1280w, https:\/\/www.krakowfilmfestival.pl\/wp-content\/uploads\/2025\/04\/98-729x410.jpg 729w, https:\/\/www.krakowfilmfestival.pl\/wp-content\/uploads\/2025\/04\/98-492x277.jpg 492w\" sizes=\"(max-width: 1280px) 100vw, 1280px\" \/><figcaption>If the Sun Is Drowned Into An Ocean of Clouds, dir. Wissam Charaf<\/figcaption><\/figure>\n<\/figure>\n\n<p><span style=\"font-weight: 400;\">A slightly more cheerful tone is present in <\/span><b>Wissam Charaf&#8217;s<\/b><span style=\"font-weight: 400;\"> film <\/span><b><i>If the Sun Is Drowned Into An Ocean of Clouds<\/i><\/b><span style=\"font-weight: 400;\">, shot in Beirut. Raed, the main character, has only one task: to prevent passersby from approaching the coast. Each day, however, the horizon gradually disappears behind a growing structure, and he begins to experience peculiar encounters \u2013 are they merely dreams or reflections of his unfulfilled desires?<\/span><\/p>\n\n<p><span style=\"font-weight: 400;\">Films in the <\/span><i><span style=\"font-weight: 400;\">Short Matters!:<\/span><\/i><\/p>\n\n<ul><li><i><span style=\"font-weight: 400;\">2720<\/span><\/i><span style=\"font-weight: 400;\">, dir. Basil da Cunha, Portugal, Switzerland, 25\u2019, 2023<\/span><\/li><li><i><span style=\"font-weight: 400;\">Wander to Wonder<\/span><\/i><span style=\"font-weight: 400;\">, dir. Nina Gantz, Netherlands, France, Belgium, United Kingdom, 14\u2019, 2023<\/span><\/li><li><i><span style=\"font-weight: 400;\">Clamor<\/span><\/i><span style=\"font-weight: 400;\">, dir. Salom\u00e9 Da Souza, France, 25\u2019, 2023<\/span><\/li><li><i><span style=\"font-weight: 400;\">The Man Who Could Not Remain Silent<\/span><\/i><span style=\"font-weight: 400;\">, dir. Neboj\u0161a Slijep\u010devi\u0107, Croatia, France, Bulgaria, Slovenia, 14\u2019, 2024 <\/span><\/li><li><i><span style=\"font-weight: 400;\">If the Sun Is Drowned Into An Ocean of Clouds<\/span><\/i><span style=\"font-weight: 400;\">, dir. Wissam Charaf, France, Lebanon, 20\u2019, 2023<\/span><\/li><li><i><span style=\"font-weight: 400;\">Pacific Vein<\/span><\/i><span style=\"font-weight: 400;\">, dir. Ulu Braun, Germany, 12\u2019, 2024<\/span><\/li><li><i><span style=\"font-weight: 400;\">Ardent Other, <\/span><\/i><span style=\"font-weight: 400;\">dir. Alice Brygo, France, 16\u2019, 2023<\/span><\/li><li><i><span style=\"font-weight: 400;\">An Orange from Jaffa, <\/span><\/i><span style=\"font-weight: 400;\">dir. Mohammed Almughanni, France, Poland, Palestine, 27\u2019, 2023<\/span><\/li><li><i><span style=\"font-weight: 400;\">The Exploding Girl<\/span><\/i><span style=\"font-weight: 400;\">, dir. Caroline Poggi, Jonathan Vinel, France, 19\u2019, 2024<\/span><\/li><li><i><span style=\"font-weight: 400;\">Zima, dir. <\/span><\/i><span style=\"font-weight: 400;\">Tomasz Popakul, Kasumi Ozeki, Poland, 26\u2019, 2023<\/span><\/li><\/ul>\n\n<p>Tradycyjnie na festiwalu nie zabraknie\u00a0spotka\u0144 Q&amp;A po wybranych projekcjach.<\/p>\n\n<p><span style=\"font-weight: 400;\">Passes and tickets for the 65th Krak\u00f3w Film Festival are <\/span><a href=\"https:\/\/www.krakowfilmfestival.pl\/en\/65th-kff\/tickets-and-passes-65th-kff\/\"><span style=\"font-weight: 400;\">now on sale!<\/span><\/a><\/p>\n\n<p><span style=\"font-weight: 400;\">The Krakow Film Festival is on the exclusive list of film events qualifying for the Academy Awards\u00ae in short film categories (fiction, animation, documentary) and feature-length documentary and provides recommendations for the <\/span><a href=\"https:\/\/europeanfilmawards.eu\/?p=1\"><span style=\"font-weight: 400;\">European Film Awards<\/span><\/a><span style=\"font-weight: 400;\"> in the same categories.<\/span><\/p>\n\n<p>The Krak\u00f3w Film Festival is organised with the financial support of the Municipality of Krak\u00f3w, the Ministry of Culture and National Heritage, the European Union&#8217;s Creative Europe program, the Lesser Poland Province, the Polish Film Institute. The festival is co-organised by the Polish Filmmakers Association.<\/p>\n\n<p>The 65th Krakow Film Festival will be held from 25 May to 1 June 2025, and online on KFF VOD from 30 May to 15 June.<\/p>\n","protected":false},"excerpt":{"rendered":"<p>They have earned praise from critics, captivated audiences across the globe, and garnered accolades at prestigious festivals \u2013 all while conveying a breadth of perspectives and \u2013 often harrowing \u2013 emotions through the short form. The Krakow Film Festival once again invites audiences to experience the most compelling European animated, fiction, and documentary shorts of the past year. <\/p>\n","protected":false},"author":12,"featured_media":64311,"comment_status":"closed","ping_status":"closed","sticky":false,"template":"","format":"standard","meta":[],"categories":[2],"tags":[575,464,645],"acf":[],"yoast_head":"<!-- This site is optimized with the Yoast SEO plugin v18.9 - https:\/\/yoast.com\/wordpress\/plugins\/seo\/ -->\n<title>Short Matters! Short Films of the Year at the 65th Krakow Film Festival - Krakow Film Festival<\/title>\n<meta name=\"description\" content=\"They have earned praise from critics, captivated audiences across the globe, and garnered accolades at prestigious festivals \u2013 all while conveying a breadth of perspectives and \u2013 often harrowing \u2013 emotions through the short form. The Krakow Film Festival once again invites audiences to experience the most compelling European animated, fiction, and documentary shorts of the past year.\" \/>\n<meta name=\"robots\" content=\"index, follow, max-snippet:-1, max-image-preview:large, max-video-preview:-1\" \/>\n<link rel=\"canonical\" href=\"https:\/\/www.krakowfilmfestival.pl\/en\/short-matters-short-films-of-the-year-at-the-65th-krakow-film-festival\/\" \/>\n<meta property=\"og:locale\" content=\"en_US\" \/>\n<meta property=\"og:type\" content=\"article\" \/>\n<meta property=\"og:title\" content=\"Short Matters! Short Films of the Year at the 65th Krakow Film Festival - Krakow Film Festival\" \/>\n<meta property=\"og:description\" content=\"They have earned praise from critics, captivated audiences across the globe, and garnered accolades at prestigious festivals \u2013 all while conveying a breadth of perspectives and \u2013 often harrowing \u2013 emotions through the short form. The Krakow Film Festival once again invites audiences to experience the most compelling European animated, fiction, and documentary shorts of the past year.\" \/>\n<meta property=\"og:url\" content=\"https:\/\/www.krakowfilmfestival.pl\/en\/short-matters-short-films-of-the-year-at-the-65th-krakow-film-festival\/\" \/>\n<meta property=\"og:site_name\" content=\"Krakow Film Festival\" \/>\n<meta property=\"article:publisher\" content=\"https:\/\/www.facebook.com\/krakowfilmfest\/\" \/>\n<meta property=\"article:published_time\" content=\"2025-04-15T12:25:02+00:00\" \/>\n<meta property=\"article:modified_time\" content=\"2025-12-01T03:31:05+00:00\" \/>\n<meta property=\"og:image\" content=\"https:\/\/www.krakowfilmfestival.pl\/wp-content\/uploads\/2025\/04\/90.jpg\" \/>\n\t<meta property=\"og:image:width\" content=\"1280\" \/>\n\t<meta property=\"og:image:height\" content=\"720\" \/>\n\t<meta property=\"og:image:type\" content=\"image\/jpeg\" \/>\n<meta name=\"twitter:card\" content=\"summary_large_image\" \/>\n<meta name=\"twitter:creator\" content=\"@krakowfilmfest\" \/>\n<meta name=\"twitter:site\" content=\"@krakowfilmfest\" \/>\n<meta name=\"twitter:label1\" content=\"Written by\" \/>\n\t<meta name=\"twitter:data1\" content=\"Magdalena Walo\" \/>\n\t<meta name=\"twitter:label2\" content=\"Est. reading time\" \/>\n\t<meta name=\"twitter:data2\" content=\"7 minutes\" \/>\n<script type=\"application\/ld+json\" class=\"yoast-schema-graph\">{\"@context\":\"https:\/\/schema.org\",\"@graph\":[{\"@type\":\"Organization\",\"@id\":\"https:\/\/www.krakowfilmfestival.pl\/en\/#organization\",\"name\":\"Krakowski Festiwal Filmowy\",\"url\":\"https:\/\/www.krakowfilmfestival.pl\/en\/\",\"sameAs\":[\"https:\/\/www.instagram.com\/krakowfilmfestival\/\",\"https:\/\/www.youtube.com\/user\/KrakowFilmFoundation\",\"https:\/\/pl.wikipedia.org\/wiki\/Krakowski_Festiwal_Filmowy\",\"https:\/\/www.facebook.com\/krakowfilmfest\/\",\"https:\/\/twitter.com\/krakowfilmfest\"],\"logo\":{\"@type\":\"ImageObject\",\"inLanguage\":\"en-US\",\"@id\":\"https:\/\/www.krakowfilmfestival.pl\/en\/#\/schema\/logo\/image\/\",\"url\":\"https:\/\/www.krakowfilmfestival.pl\/wp-content\/uploads\/2024\/03\/logokff_uniwersalne.jpg\",\"contentUrl\":\"https:\/\/www.krakowfilmfestival.pl\/wp-content\/uploads\/2024\/03\/logokff_uniwersalne.jpg\",\"width\":1241,\"height\":699,\"caption\":\"Krakowski Festiwal Filmowy\"},\"image\":{\"@id\":\"https:\/\/www.krakowfilmfestival.pl\/en\/#\/schema\/logo\/image\/\"}},{\"@type\":\"WebSite\",\"@id\":\"https:\/\/www.krakowfilmfestival.pl\/en\/#website\",\"url\":\"https:\/\/www.krakowfilmfestival.pl\/en\/\",\"name\":\"Krakow Film Festival\",\"description\":\"In Cracow since 1961\",\"publisher\":{\"@id\":\"https:\/\/www.krakowfilmfestival.pl\/en\/#organization\"},\"potentialAction\":[{\"@type\":\"SearchAction\",\"target\":{\"@type\":\"EntryPoint\",\"urlTemplate\":\"https:\/\/www.krakowfilmfestival.pl\/en\/?s={search_term_string}\"},\"query-input\":\"required name=search_term_string\"}],\"inLanguage\":\"en-US\"},{\"@type\":\"ImageObject\",\"inLanguage\":\"en-US\",\"@id\":\"https:\/\/www.krakowfilmfestival.pl\/en\/short-matters-short-films-of-the-year-at-the-65th-krakow-film-festival\/#primaryimage\",\"url\":\"https:\/\/www.krakowfilmfestival.pl\/wp-content\/uploads\/2025\/04\/90.jpg\",\"contentUrl\":\"https:\/\/www.krakowfilmfestival.pl\/wp-content\/uploads\/2025\/04\/90.jpg\",\"width\":1280,\"height\":720},{\"@type\":\"WebPage\",\"@id\":\"https:\/\/www.krakowfilmfestival.pl\/en\/short-matters-short-films-of-the-year-at-the-65th-krakow-film-festival\/#webpage\",\"url\":\"https:\/\/www.krakowfilmfestival.pl\/en\/short-matters-short-films-of-the-year-at-the-65th-krakow-film-festival\/\",\"name\":\"Short Matters! Short Films of the Year at the 65th Krakow Film Festival - Krakow Film Festival\",\"isPartOf\":{\"@id\":\"https:\/\/www.krakowfilmfestival.pl\/en\/#website\"},\"primaryImageOfPage\":{\"@id\":\"https:\/\/www.krakowfilmfestival.pl\/en\/short-matters-short-films-of-the-year-at-the-65th-krakow-film-festival\/#primaryimage\"},\"datePublished\":\"2025-04-15T12:25:02+00:00\",\"dateModified\":\"2025-12-01T03:31:05+00:00\",\"description\":\"They have earned praise from critics, captivated audiences across the globe, and garnered accolades at prestigious festivals \u2013 all while conveying a breadth of perspectives and \u2013 often harrowing \u2013 emotions through the short form. The Krakow Film Festival once again invites audiences to experience the most compelling European animated, fiction, and documentary shorts of the past year.\",\"breadcrumb\":{\"@id\":\"https:\/\/www.krakowfilmfestival.pl\/en\/short-matters-short-films-of-the-year-at-the-65th-krakow-film-festival\/#breadcrumb\"},\"inLanguage\":\"en-US\",\"potentialAction\":[{\"@type\":\"ReadAction\",\"target\":[\"https:\/\/www.krakowfilmfestival.pl\/en\/short-matters-short-films-of-the-year-at-the-65th-krakow-film-festival\/\"]}]},{\"@type\":\"BreadcrumbList\",\"@id\":\"https:\/\/www.krakowfilmfestival.pl\/en\/short-matters-short-films-of-the-year-at-the-65th-krakow-film-festival\/#breadcrumb\",\"itemListElement\":[{\"@type\":\"ListItem\",\"position\":1,\"name\":\"Strona g\u0142\u00f3wna\",\"item\":\"https:\/\/www.krakowfilmfestival.pl\/en\/\"},{\"@type\":\"ListItem\",\"position\":2,\"name\":\"Short Matters! Short Films of the Year at the 65th Krakow Film Festival\"}]},{\"@type\":\"Article\",\"@id\":\"https:\/\/www.krakowfilmfestival.pl\/en\/short-matters-short-films-of-the-year-at-the-65th-krakow-film-festival\/#article\",\"isPartOf\":{\"@id\":\"https:\/\/www.krakowfilmfestival.pl\/en\/short-matters-short-films-of-the-year-at-the-65th-krakow-film-festival\/#webpage\"},\"author\":{\"@id\":\"https:\/\/www.krakowfilmfestival.pl\/en\/#\/schema\/person\/8f0b9cb0d9fdcfa328c336cca8d78e0c\"},\"headline\":\"Short Matters! Short Films of the Year at the 65th Krakow Film Festival\",\"datePublished\":\"2025-04-15T12:25:02+00:00\",\"dateModified\":\"2025-12-01T03:31:05+00:00\",\"mainEntityOfPage\":{\"@id\":\"https:\/\/www.krakowfilmfestival.pl\/en\/short-matters-short-films-of-the-year-at-the-65th-krakow-film-festival\/#webpage\"},\"wordCount\":1337,\"publisher\":{\"@id\":\"https:\/\/www.krakowfilmfestival.pl\/en\/#organization\"},\"image\":{\"@id\":\"https:\/\/www.krakowfilmfestival.pl\/en\/short-matters-short-films-of-the-year-at-the-65th-krakow-film-festival\/#primaryimage\"},\"thumbnailUrl\":\"https:\/\/www.krakowfilmfestival.pl\/wp-content\/uploads\/2025\/04\/90.jpg\",\"keywords\":[\"65kff\",\"Krakow Film Festival\",\"short matters!\"],\"articleSection\":[\"News\"],\"inLanguage\":\"en-US\"},{\"@type\":\"Person\",\"@id\":\"https:\/\/www.krakowfilmfestival.pl\/en\/#\/schema\/person\/8f0b9cb0d9fdcfa328c336cca8d78e0c\",\"name\":\"Magdalena Walo\",\"image\":{\"@type\":\"ImageObject\",\"inLanguage\":\"en-US\",\"@id\":\"https:\/\/www.krakowfilmfestival.pl\/en\/#\/schema\/person\/image\/\",\"url\":\"https:\/\/secure.gravatar.com\/avatar\/073baf015d711869e03437cd32f45a61?s=96&d=mm&r=g\",\"contentUrl\":\"https:\/\/secure.gravatar.com\/avatar\/073baf015d711869e03437cd32f45a61?s=96&d=mm&r=g\",\"caption\":\"Magdalena Walo\"}}]}<\/script>\n<!-- \/ Yoast SEO plugin. -->","yoast_head_json":{"title":"Short Matters! Short Films of the Year at the 65th Krakow Film Festival - Krakow Film Festival","description":"They have earned praise from critics, captivated audiences across the globe, and garnered accolades at prestigious festivals \u2013 all while conveying a breadth of perspectives and \u2013 often harrowing \u2013 emotions through the short form. The Krakow Film Festival once again invites audiences to experience the most compelling European animated, fiction, and documentary shorts of the past year.","robots":{"index":"index","follow":"follow","max-snippet":"max-snippet:-1","max-image-preview":"max-image-preview:large","max-video-preview":"max-video-preview:-1"},"canonical":"https:\/\/www.krakowfilmfestival.pl\/en\/short-matters-short-films-of-the-year-at-the-65th-krakow-film-festival\/","og_locale":"en_US","og_type":"article","og_title":"Short Matters! Short Films of the Year at the 65th Krakow Film Festival - Krakow Film Festival","og_description":"They have earned praise from critics, captivated audiences across the globe, and garnered accolades at prestigious festivals \u2013 all while conveying a breadth of perspectives and \u2013 often harrowing \u2013 emotions through the short form. The Krakow Film Festival once again invites audiences to experience the most compelling European animated, fiction, and documentary shorts of the past year.","og_url":"https:\/\/www.krakowfilmfestival.pl\/en\/short-matters-short-films-of-the-year-at-the-65th-krakow-film-festival\/","og_site_name":"Krakow Film Festival","article_publisher":"https:\/\/www.facebook.com\/krakowfilmfest\/","article_published_time":"2025-04-15T12:25:02+00:00","article_modified_time":"2025-12-01T03:31:05+00:00","og_image":[{"width":1280,"height":720,"url":"https:\/\/www.krakowfilmfestival.pl\/wp-content\/uploads\/2025\/04\/90.jpg","type":"image\/jpeg"}],"twitter_card":"summary_large_image","twitter_creator":"@krakowfilmfest","twitter_site":"@krakowfilmfest","twitter_misc":{"Written by":"Magdalena Walo","Est. reading time":"7 minutes"},"schema":{"@context":"https:\/\/schema.org","@graph":[{"@type":"Organization","@id":"https:\/\/www.krakowfilmfestival.pl\/en\/#organization","name":"Krakowski Festiwal Filmowy","url":"https:\/\/www.krakowfilmfestival.pl\/en\/","sameAs":["https:\/\/www.instagram.com\/krakowfilmfestival\/","https:\/\/www.youtube.com\/user\/KrakowFilmFoundation","https:\/\/pl.wikipedia.org\/wiki\/Krakowski_Festiwal_Filmowy","https:\/\/www.facebook.com\/krakowfilmfest\/","https:\/\/twitter.com\/krakowfilmfest"],"logo":{"@type":"ImageObject","inLanguage":"en-US","@id":"https:\/\/www.krakowfilmfestival.pl\/en\/#\/schema\/logo\/image\/","url":"https:\/\/www.krakowfilmfestival.pl\/wp-content\/uploads\/2024\/03\/logokff_uniwersalne.jpg","contentUrl":"https:\/\/www.krakowfilmfestival.pl\/wp-content\/uploads\/2024\/03\/logokff_uniwersalne.jpg","width":1241,"height":699,"caption":"Krakowski Festiwal Filmowy"},"image":{"@id":"https:\/\/www.krakowfilmfestival.pl\/en\/#\/schema\/logo\/image\/"}},{"@type":"WebSite","@id":"https:\/\/www.krakowfilmfestival.pl\/en\/#website","url":"https:\/\/www.krakowfilmfestival.pl\/en\/","name":"Krakow Film Festival","description":"In Cracow since 1961","publisher":{"@id":"https:\/\/www.krakowfilmfestival.pl\/en\/#organization"},"potentialAction":[{"@type":"SearchAction","target":{"@type":"EntryPoint","urlTemplate":"https:\/\/www.krakowfilmfestival.pl\/en\/?s={search_term_string}"},"query-input":"required name=search_term_string"}],"inLanguage":"en-US"},{"@type":"ImageObject","inLanguage":"en-US","@id":"https:\/\/www.krakowfilmfestival.pl\/en\/short-matters-short-films-of-the-year-at-the-65th-krakow-film-festival\/#primaryimage","url":"https:\/\/www.krakowfilmfestival.pl\/wp-content\/uploads\/2025\/04\/90.jpg","contentUrl":"https:\/\/www.krakowfilmfestival.pl\/wp-content\/uploads\/2025\/04\/90.jpg","width":1280,"height":720},{"@type":"WebPage","@id":"https:\/\/www.krakowfilmfestival.pl\/en\/short-matters-short-films-of-the-year-at-the-65th-krakow-film-festival\/#webpage","url":"https:\/\/www.krakowfilmfestival.pl\/en\/short-matters-short-films-of-the-year-at-the-65th-krakow-film-festival\/","name":"Short Matters! Short Films of the Year at the 65th Krakow Film Festival - Krakow Film Festival","isPartOf":{"@id":"https:\/\/www.krakowfilmfestival.pl\/en\/#website"},"primaryImageOfPage":{"@id":"https:\/\/www.krakowfilmfestival.pl\/en\/short-matters-short-films-of-the-year-at-the-65th-krakow-film-festival\/#primaryimage"},"datePublished":"2025-04-15T12:25:02+00:00","dateModified":"2025-12-01T03:31:05+00:00","description":"They have earned praise from critics, captivated audiences across the globe, and garnered accolades at prestigious festivals \u2013 all while conveying a breadth of perspectives and \u2013 often harrowing \u2013 emotions through the short form. The Krakow Film Festival once again invites audiences to experience the most compelling European animated, fiction, and documentary shorts of the past year.","breadcrumb":{"@id":"https:\/\/www.krakowfilmfestival.pl\/en\/short-matters-short-films-of-the-year-at-the-65th-krakow-film-festival\/#breadcrumb"},"inLanguage":"en-US","potentialAction":[{"@type":"ReadAction","target":["https:\/\/www.krakowfilmfestival.pl\/en\/short-matters-short-films-of-the-year-at-the-65th-krakow-film-festival\/"]}]},{"@type":"BreadcrumbList","@id":"https:\/\/www.krakowfilmfestival.pl\/en\/short-matters-short-films-of-the-year-at-the-65th-krakow-film-festival\/#breadcrumb","itemListElement":[{"@type":"ListItem","position":1,"name":"Strona g\u0142\u00f3wna","item":"https:\/\/www.krakowfilmfestival.pl\/en\/"},{"@type":"ListItem","position":2,"name":"Short Matters! Short Films of the Year at the 65th Krakow Film Festival"}]},{"@type":"Article","@id":"https:\/\/www.krakowfilmfestival.pl\/en\/short-matters-short-films-of-the-year-at-the-65th-krakow-film-festival\/#article","isPartOf":{"@id":"https:\/\/www.krakowfilmfestival.pl\/en\/short-matters-short-films-of-the-year-at-the-65th-krakow-film-festival\/#webpage"},"author":{"@id":"https:\/\/www.krakowfilmfestival.pl\/en\/#\/schema\/person\/8f0b9cb0d9fdcfa328c336cca8d78e0c"},"headline":"Short Matters! Short Films of the Year at the 65th Krakow Film Festival","datePublished":"2025-04-15T12:25:02+00:00","dateModified":"2025-12-01T03:31:05+00:00","mainEntityOfPage":{"@id":"https:\/\/www.krakowfilmfestival.pl\/en\/short-matters-short-films-of-the-year-at-the-65th-krakow-film-festival\/#webpage"},"wordCount":1337,"publisher":{"@id":"https:\/\/www.krakowfilmfestival.pl\/en\/#organization"},"image":{"@id":"https:\/\/www.krakowfilmfestival.pl\/en\/short-matters-short-films-of-the-year-at-the-65th-krakow-film-festival\/#primaryimage"},"thumbnailUrl":"https:\/\/www.krakowfilmfestival.pl\/wp-content\/uploads\/2025\/04\/90.jpg","keywords":["65kff","Krakow Film Festival","short matters!"],"articleSection":["News"],"inLanguage":"en-US"},{"@type":"Person","@id":"https:\/\/www.krakowfilmfestival.pl\/en\/#\/schema\/person\/8f0b9cb0d9fdcfa328c336cca8d78e0c","name":"Magdalena Walo","image":{"@type":"ImageObject","inLanguage":"en-US","@id":"https:\/\/www.krakowfilmfestival.pl\/en\/#\/schema\/person\/image\/","url":"https:\/\/secure.gravatar.com\/avatar\/073baf015d711869e03437cd32f45a61?s=96&d=mm&r=g","contentUrl":"https:\/\/secure.gravatar.com\/avatar\/073baf015d711869e03437cd32f45a61?s=96&d=mm&r=g","caption":"Magdalena Walo"}}]}},"_links":{"self":[{"href":"https:\/\/www.krakowfilmfestival.pl\/en\/wp-json\/wp\/v2\/posts\/64337"}],"collection":[{"href":"https:\/\/www.krakowfilmfestival.pl\/en\/wp-json\/wp\/v2\/posts"}],"about":[{"href":"https:\/\/www.krakowfilmfestival.pl\/en\/wp-json\/wp\/v2\/types\/post"}],"author":[{"embeddable":true,"href":"https:\/\/www.krakowfilmfestival.pl\/en\/wp-json\/wp\/v2\/users\/12"}],"replies":[{"embeddable":true,"href":"https:\/\/www.krakowfilmfestival.pl\/en\/wp-json\/wp\/v2\/comments?post=64337"}],"version-history":[{"count":2,"href":"https:\/\/www.krakowfilmfestival.pl\/en\/wp-json\/wp\/v2\/posts\/64337\/revisions"}],"predecessor-version":[{"id":72207,"href":"https:\/\/www.krakowfilmfestival.pl\/en\/wp-json\/wp\/v2\/posts\/64337\/revisions\/72207"}],"wp:featuredmedia":[{"embeddable":true,"href":"https:\/\/www.krakowfilmfestival.pl\/en\/wp-json\/wp\/v2\/media\/64311"}],"wp:attachment":[{"href":"https:\/\/www.krakowfilmfestival.pl\/en\/wp-json\/wp\/v2\/media?parent=64337"}],"wp:term":[{"taxonomy":"category","embeddable":true,"href":"https:\/\/www.krakowfilmfestival.pl\/en\/wp-json\/wp\/v2\/categories?post=64337"},{"taxonomy":"post_tag","embeddable":true,"href":"https:\/\/www.krakowfilmfestival.pl\/en\/wp-json\/wp\/v2\/tags?post=64337"}],"curies":[{"name":"wp","href":"https:\/\/api.w.org\/{rel}","templated":true}]}}