{"id":74877,"date":"2026-04-28T09:58:14","date_gmt":"2026-04-28T07:58:14","guid":{"rendered":"https:\/\/www.krakowfilmfestival.pl\/?p=74877"},"modified":"2026-04-28T10:01:22","modified_gmt":"2026-04-28T08:01:22","slug":"na-krancach-swiata-przedstawiamy-ostatnie-tytuly-z-miedzynarodowego-konkursu-dokumentalnego","status":"publish","type":"post","link":"https:\/\/www.krakowfilmfestival.pl\/en\/na-krancach-swiata-przedstawiamy-ostatnie-tytuly-z-miedzynarodowego-konkursu-dokumentalnego\/","title":{"rendered":"Na kra\u0144cach \u015bwiata. Przedstawiamy ostatnie tytu\u0142y z Mi\u0119dzynarodowego Konkursu Dokumentalnego"},"content":{"rendered":"\n<p><strong>Podczas gdy jedni marz\u0105 o wyrwaniu si\u0119 w wielki \u015bwiat, inni uciekaj\u0105 przed jego l\u0119kami jak najdalej, szukaj\u0105 w\u0142asnego miejsca albo uparcie trwaj\u0105 w ma\u0142ych ojczyznach, kt\u00f3rych nie chc\u0105 opuszcza\u0107. Ostatnie znakomite tytu\u0142y z Mi\u0119dzynarodowego Konkursu Dokumentalnego prowadz\u0105 nas od wyludniaj\u0105cych si\u0119 wiosek Macedonii, przez odosobnion\u0105 wysp\u0119 Tristan, po paragwajskie enklawy budowane przez bogatych Europejczyk\u00f3w, ods\u0142aniaj\u0105c spo\u0142eczne i ekonomiczne nier\u00f3wno\u015bci oraz p\u0119kni\u0119cia wsp\u00f3\u0142czesnego \u015bwiata. To kino przenikliwe i formalnie odwa\u017cne, kt\u00f3re konfrontuje marzenia z rzeczywisto\u015bci\u0105, stawiaj\u0105c pytania o samotno\u015b\u0107, wykluczenie oraz cen\u0119 \u017cycia na najodleglejszych zak\u0105tkach globu.<\/strong><\/p>\n\n\n\n<p><strong>Neokolonialne sny o wolno\u015bci<\/strong><\/p>\n\n\n\n<p>W <strong>\u201eBlisko raju\u201d<\/strong> Yulia Lokshina przygl\u0105da si\u0119 grupie zamo\u017cnych Europejczyk\u00f3w, kt\u00f3rzy uciekaj\u0105 przed w\u0142asnymi l\u0119kami \u2013&nbsp; szczepionkami, podatkami, islamem, widmem trzeciej wojny \u015bwiatowej i katastrofy klimatycznej. Wytchnienia szukaj\u0105 na ubogim po\u0142udniu Paragwaju, gdzie w El Para\u00edso Verde buduj\u0105 samowystarczaln\u0105 enklaw\u0119, maj\u0105c\u0105 sta\u0107 si\u0119 ich sztucznym rajem.<\/p>\n\n\n\n<figure class=\"wp-block-gallery has-nested-images columns-default is-cropped\">\n<figure class=\"wp-block-image size-large\"><img loading=\"lazy\" width=\"1280\" height=\"720\" data-id=\"74472\"  src=\"https:\/\/www.krakowfilmfestival.pl\/wp-content\/uploads\/2026\/04\/blisko-raju-2-2.jpg\" alt=\"\" class=\"wp-image-74472\" srcset=\"https:\/\/www.krakowfilmfestival.pl\/wp-content\/uploads\/2026\/04\/blisko-raju-2-2.jpg 1280w, https:\/\/www.krakowfilmfestival.pl\/wp-content\/uploads\/2026\/04\/blisko-raju-2-2-729x410.jpg 729w, https:\/\/www.krakowfilmfestival.pl\/wp-content\/uploads\/2026\/04\/blisko-raju-2-2-492x277.jpg 492w\" sizes=\"(max-width: 1280px) 100vw, 1280px\" \/><figcaption>Blisko raju, re\u017c. Yulia Lokshina<\/figcaption><\/figure>\n\n\n\n<figure class=\"wp-block-image size-large\"><img loading=\"lazy\" width=\"1280\" height=\"720\" data-id=\"74371\"  src=\"https:\/\/www.krakowfilmfestival.pl\/wp-content\/uploads\/2026\/04\/blisko-raju-1.jpg\" alt=\"\" class=\"wp-image-74371\" srcset=\"https:\/\/www.krakowfilmfestival.pl\/wp-content\/uploads\/2026\/04\/blisko-raju-1.jpg 1280w, https:\/\/www.krakowfilmfestival.pl\/wp-content\/uploads\/2026\/04\/blisko-raju-1-729x410.jpg 729w, https:\/\/www.krakowfilmfestival.pl\/wp-content\/uploads\/2026\/04\/blisko-raju-1-492x277.jpg 492w\" sizes=\"(max-width: 1280px) 100vw, 1280px\" \/><figcaption>Blisko raju, re\u017c. Yulia Lokshina<\/figcaption><\/figure>\n<\/figure>\n\n\n\n<p>Re\u017cyserka ods\u0142ania jednak ciemniejsze strony tego projektu, pokazuj\u0105c duchowe aspiracje osadnik\u00f3w jako cz\u0119\u015b\u0107 neokolonialnej fantazji o wolno\u015bci. Kontrapunktem dla tej opowie\u015bci jest historia dwojga m\u0142odych Paragwajczyk\u00f3w, kt\u00f3rych problemy, marzenia i lokalne tradycje pozostaj\u0105 dla przybyszy niemal niewidzialne.<\/p>\n\n\n\n<p><strong>Jak najdalej st\u0105d<\/strong><\/p>\n\n\n\n<p>Melancholijny <strong>\u201eNa zawsze Tristan\u201d<\/strong> Tobiasa N\u00f6llego i wsp\u00f3\u0142re\u017cysera Lorana Bonnardota prowadzi na Tristan \u2013 zale\u017cn\u0105 od Wielkiej Brytanii wysp\u0119 na Atlantyku, uznawan\u0105 za jedno z najbardziej odosobnionych zamieszka\u0142ych miejsc na Ziemi. To w\u0142a\u015bnie tam, po 30 latach, wraca paryski lekarz, kt\u00f3ry tym razem zamierza zosta\u0107 na zawsze. <\/p>\n\n\n\n<figure class=\"wp-block-gallery has-nested-images columns-default is-cropped\">\n<figure class=\"wp-block-image size-large\"><img loading=\"lazy\" width=\"1280\" height=\"720\" data-id=\"74375\"  src=\"https:\/\/www.krakowfilmfestival.pl\/wp-content\/uploads\/2026\/04\/na-zawsze-tristan-3-1.jpg\" alt=\"\" class=\"wp-image-74375\" srcset=\"https:\/\/www.krakowfilmfestival.pl\/wp-content\/uploads\/2026\/04\/na-zawsze-tristan-3-1.jpg 1280w, https:\/\/www.krakowfilmfestival.pl\/wp-content\/uploads\/2026\/04\/na-zawsze-tristan-3-1-729x410.jpg 729w, https:\/\/www.krakowfilmfestival.pl\/wp-content\/uploads\/2026\/04\/na-zawsze-tristan-3-1-492x277.jpg 492w\" sizes=\"(max-width: 1280px) 100vw, 1280px\" \/><figcaption>Na zawsze Tristan, re\u017c. Tobias N\u00f6lle, wsp\u00f3\u0142re\u017c. Loran Bonnardot<\/figcaption><\/figure>\n\n\n\n<figure class=\"wp-block-image size-large\"><img loading=\"lazy\" width=\"1280\" height=\"720\" data-id=\"74373\"  src=\"https:\/\/www.krakowfilmfestival.pl\/wp-content\/uploads\/2026\/04\/na-zawsze-tristan-2-1.jpg\" alt=\"\" class=\"wp-image-74373\" srcset=\"https:\/\/www.krakowfilmfestival.pl\/wp-content\/uploads\/2026\/04\/na-zawsze-tristan-2-1.jpg 1280w, https:\/\/www.krakowfilmfestival.pl\/wp-content\/uploads\/2026\/04\/na-zawsze-tristan-2-1-729x410.jpg 729w, https:\/\/www.krakowfilmfestival.pl\/wp-content\/uploads\/2026\/04\/na-zawsze-tristan-2-1-492x277.jpg 492w\" sizes=\"(max-width: 1280px) 100vw, 1280px\" \/><figcaption>Na zawsze Tristan, re\u017c. Tobias N\u00f6lle, wsp\u00f3\u0142re\u017c. Loran Bonnardot<\/figcaption><\/figure>\n<\/figure>\n\n\n\n<p>Fabularyzowany dokument zderza romantyczne wyobra\u017cenia o \u017cyciu na kra\u0144cach \u015bwiata z surowym klimatem, nieprzyst\u0119pn\u0105 natur\u0105 i zamkni\u0119t\u0105 spo\u0142eczno\u015bci\u0105, pytaj\u0105c, przed czym mo\u017cna ucieka\u0107 tak daleko \u2013 i czego naprawd\u0119 szuka si\u0119 w miejscu, kt\u00f3re dla jego mieszka\u0144c\u00f3w stanowi ca\u0142y \u015bwiat.<\/p>\n\n\n\n<p><strong>Pomi\u0119dzy ba\u015bni\u0105 a rzeczywisto\u015bci\u0105<\/strong><\/p>\n\n\n\n<p>Poruszaj\u0105ce <strong>\u201eTam, gdzie wracaj\u0105 bociany\u201d<\/strong> Tamary Kotevskiej, najnowszy film re\u017cyserki <strong>\u201eKrainy miodu\u201d<\/strong>, prowadzi do wyludniaj\u0105cych si\u0119 wiosek Macedonii, gdzie bociany pozostaj\u0105 najwierniejszymi towarzyszami ostatnich mieszka\u0144c\u00f3w. <\/p>\n\n\n\n<figure class=\"wp-block-gallery has-nested-images columns-default is-cropped\">\n<figure class=\"wp-block-image size-large\"><img loading=\"lazy\" width=\"1280\" height=\"720\" data-id=\"74383\"  src=\"https:\/\/www.krakowfilmfestival.pl\/wp-content\/uploads\/2026\/04\/tam-gdzie-wracaja-bociany-4-1.jpg\" alt=\"\" class=\"wp-image-74383\" srcset=\"https:\/\/www.krakowfilmfestival.pl\/wp-content\/uploads\/2026\/04\/tam-gdzie-wracaja-bociany-4-1.jpg 1280w, https:\/\/www.krakowfilmfestival.pl\/wp-content\/uploads\/2026\/04\/tam-gdzie-wracaja-bociany-4-1-729x410.jpg 729w, https:\/\/www.krakowfilmfestival.pl\/wp-content\/uploads\/2026\/04\/tam-gdzie-wracaja-bociany-4-1-492x277.jpg 492w\" sizes=\"(max-width: 1280px) 100vw, 1280px\" \/><figcaption>Tam, gdzie wracaj\u0105 bociany, re\u017c. Tamara Kotevska<\/figcaption><\/figure>\n\n\n\n<figure class=\"wp-block-image size-large\"><img loading=\"lazy\" width=\"1280\" height=\"720\" data-id=\"74482\"  src=\"https:\/\/www.krakowfilmfestival.pl\/wp-content\/uploads\/2026\/04\/tam-gdzie-wracaja-bociany-2-2.jpg\" alt=\"\" class=\"wp-image-74482\" srcset=\"https:\/\/www.krakowfilmfestival.pl\/wp-content\/uploads\/2026\/04\/tam-gdzie-wracaja-bociany-2-2.jpg 1280w, https:\/\/www.krakowfilmfestival.pl\/wp-content\/uploads\/2026\/04\/tam-gdzie-wracaja-bociany-2-2-729x410.jpg 729w, https:\/\/www.krakowfilmfestival.pl\/wp-content\/uploads\/2026\/04\/tam-gdzie-wracaja-bociany-2-2-492x277.jpg 492w\" sizes=\"(max-width: 1280px) 100vw, 1280px\" \/><figcaption>Tam, gdzie wracaj\u0105 bociany, re\u017c. Tamara Kotevska<\/figcaption><\/figure>\n<\/figure>\n\n\n\n<p>Czerpi\u0105c z realizmu magicznego, dokument opowiada o Nikoli, kt\u00f3ry po emigracji rodziny na Zach\u00f3d pr\u00f3buje przetrwa\u0107 w \u015bwiecie coraz mniej przyjaznym tradycyjnemu rolnictwu. To film o wykluczeniu, niszczej\u0105cym pejza\u017cu i znikaj\u0105cym \u015bwiecie, ale te\u017c o wsp\u00f3lnym losie ludzi i zwierz\u0105t oraz o pi\u0119knie, kt\u00f3re wci\u0105\u017c domaga si\u0119 ocalenia.<\/p>\n\n\n\n<p>Ostatnie tytu\u0142y film\u00f3w, kt\u00f3re znalaz\u0142y si\u0119 w Mi\u0119dzynarodowym Konkursie Dokumentalnym:&nbsp;<\/p>\n\n\n\n<ul><li><em>Blisko raju \/ Around Paradise<\/em>, re\u017c.\/dir. Yulia Lokshina, 120\u2019 Niemcy, 2026<\/li><li><em>Na zawsze Tristan \/ Tristan Foreve<\/em>r, re\u017c. Tobias N\u00f6lle, wsp\u00f3\u0142re\u017cyser Loran Bonnardot, 90\u2019. Szwajcaria, 2026<\/li><li><em>Tam, gdzie wracaj\u0105 bociany \/ The Tale of Silyan<\/em>, re\u017c. Tamara Kotevska, 80\u2019, Macedonia P\u00f3\u0142nocna, USA, 2025<\/li><\/ul>\n\n\n\n<p><a href=\"https:\/\/www.krakowfilmfestival.pl\/66-kff\/bilety-i-karnety-66-kff\/\">Insiderskie karnety na 66. Krakowski Festiwal Filmowy ju\u017c w sprzeda\u017cy!<\/a><\/p>\n\n\n\n<p>Krakowski Festiwal Filmowy jest na ekskluzywnej li\u015bcie wydarze\u0144 filmowych kwalifikuj\u0105cych do<a href=\"https:\/\/www.oscars.org\/\"> Oscara\u00ae<\/a> w kategoriach kr\u00f3tkometra\u017cowych (fabu\u0142a, animacja, dokument) oraz pe\u0142nometra\u017cowego filmu dokumentalnego, do<a href=\"https:\/\/europeanfilmawards.eu\/?p=1\"> Europejskiej Nagrody Filmowej<\/a> w tych samych kategoriach, a tak\u017ce kwalifikuje do nagr\u00f3d<a href=\"https:\/\/www.bafta.org\/\"> BAFTA.<\/a><\/p>\n\n\n\n<p>Krakowski Festiwal Filmowy organizowany jest przy wsparciu finansowym Miasta Krak\u00f3w, Polskiego Instytutu Sztuki Filmowej, Programu Kreatywna Europa MEDIA oraz Ministerstwa Kultury i Dziedzictwa Narodowego pochodz\u0105cych z Funduszu Promocji Kultury \u2013 pa\u0144stwowego funduszu celowego. Wsp\u00f3\u0142organizatorem jest Stowarzyszenie Filmowc\u00f3w Polskich.<\/p>\n\n\n\n<p>66. Krakowski Festiwal Filmowy odb\u0119dzie si\u0119 w kinach od 31 maja do 7 czerwca 2026 roku oraz od 5 czerwca do 19 czerwca online na KFF VOD.<\/p>\n","protected":false},"excerpt":{"rendered":"<p>Podczas gdy jedni marz\u0105 o wyrwaniu si\u0119 w wielki \u015bwiat, inni uciekaj\u0105 przed jego l\u0119kami jak najdalej, szukaj\u0105 w\u0142asnego miejsca albo uparcie trwaj\u0105 w ma\u0142ych ojczyznach, kt\u00f3rych nie chc\u0105 opuszcza\u0107. Ostatnie znakomite tytu\u0142y z Mi\u0119dzynarodowego Konkursu Dokumentalnego prowadz\u0105 nas od wyludniaj\u0105cych si\u0119 wiosek Macedonii, przez odosobnion\u0105 wysp\u0119 Tristan, po paragwajskie enklawy budowane przez bogatych Europejczyk\u00f3w, [&hellip;]<\/p>\n","protected":false},"author":12,"featured_media":74385,"comment_status":"closed","ping_status":"closed","sticky":true,"template":"","format":"standard","meta":[],"categories":[2],"tags":[468,681,751,530,464,512,744,747],"acf":[],"yoast_head":"<!-- This site is optimized with the Yoast SEO plugin v18.9 - https:\/\/yoast.com\/wordpress\/plugins\/seo\/ -->\n<title>Na kra\u0144cach \u015bwiata. Przedstawiamy ostatnie tytu\u0142y z Mi\u0119dzynarodowego Konkursu Dokumentalnego - Krakow Film Festival<\/title>\n<meta name=\"description\" content=\"Podczas gdy jedni marz\u0105 o wyrwaniu si\u0119 w wielki \u015bwiat, inni uciekaj\u0105 przed jego l\u0119kami jak najdalej, szukaj\u0105 w\u0142asnego miejsca albo uparcie trwaj\u0105 w ma\u0142ych ojczyznach, kt\u00f3rych nie chc\u0105 opuszcza\u0107. Ostatnie znakomite tytu\u0142y z Mi\u0119dzynarodowego Konkursu Dokumentalnego prowadz\u0105 nas od wyludniaj\u0105cych si\u0119 wiosek Macedonii, przez odosobnion\u0105 wysp\u0119 Tristan, po paragwajskie enklawy budowane przez bogatych Europejczyk\u00f3w, ods\u0142aniaj\u0105c spo\u0142eczne i ekonomiczne nier\u00f3wno\u015bci oraz p\u0119kni\u0119cia wsp\u00f3\u0142czesnego \u015bwiata. To kino przenikliwe i formalnie odwa\u017cne, kt\u00f3re konfrontuje marzenia z rzeczywisto\u015bci\u0105, stawiaj\u0105c pytania o samotno\u015b\u0107, wykluczenie oraz cen\u0119 \u017cycia na najodleglejszych zak\u0105tkach globu.\" \/>\n<meta name=\"robots\" content=\"index, follow, max-snippet:-1, max-image-preview:large, max-video-preview:-1\" \/>\n<link rel=\"canonical\" href=\"https:\/\/www.krakowfilmfestival.pl\/en\/na-krancach-swiata-przedstawiamy-ostatnie-tytuly-z-miedzynarodowego-konkursu-dokumentalnego\/\" \/>\n<meta property=\"og:locale\" content=\"en_US\" \/>\n<meta property=\"og:type\" content=\"article\" \/>\n<meta property=\"og:title\" content=\"Na kra\u0144cach \u015bwiata. Przedstawiamy ostatnie tytu\u0142y z Mi\u0119dzynarodowego Konkursu Dokumentalnego - Krakow Film Festival\" \/>\n<meta property=\"og:description\" content=\"Podczas gdy jedni marz\u0105 o wyrwaniu si\u0119 w wielki \u015bwiat, inni uciekaj\u0105 przed jego l\u0119kami jak najdalej, szukaj\u0105 w\u0142asnego miejsca albo uparcie trwaj\u0105 w ma\u0142ych ojczyznach, kt\u00f3rych nie chc\u0105 opuszcza\u0107. Ostatnie znakomite tytu\u0142y z Mi\u0119dzynarodowego Konkursu Dokumentalnego prowadz\u0105 nas od wyludniaj\u0105cych si\u0119 wiosek Macedonii, przez odosobnion\u0105 wysp\u0119 Tristan, po paragwajskie enklawy budowane przez bogatych Europejczyk\u00f3w, ods\u0142aniaj\u0105c spo\u0142eczne i ekonomiczne nier\u00f3wno\u015bci oraz p\u0119kni\u0119cia wsp\u00f3\u0142czesnego \u015bwiata. To kino przenikliwe i formalnie odwa\u017cne, kt\u00f3re konfrontuje marzenia z rzeczywisto\u015bci\u0105, stawiaj\u0105c pytania o samotno\u015b\u0107, wykluczenie oraz cen\u0119 \u017cycia na najodleglejszych zak\u0105tkach globu.\" \/>\n<meta property=\"og:url\" content=\"https:\/\/www.krakowfilmfestival.pl\/en\/na-krancach-swiata-przedstawiamy-ostatnie-tytuly-z-miedzynarodowego-konkursu-dokumentalnego\/\" \/>\n<meta property=\"og:site_name\" content=\"Krakow Film Festival\" \/>\n<meta property=\"article:publisher\" content=\"https:\/\/www.facebook.com\/krakowfilmfest\/\" \/>\n<meta property=\"article:published_time\" content=\"2026-04-28T07:58:14+00:00\" \/>\n<meta property=\"article:modified_time\" content=\"2026-04-28T08:01:22+00:00\" \/>\n<meta property=\"og:image\" content=\"https:\/\/www.krakowfilmfestival.pl\/wp-content\/uploads\/2026\/04\/tam-gdzie-wracaja-bociany-1.jpg\" \/>\n\t<meta property=\"og:image:width\" content=\"1280\" \/>\n\t<meta property=\"og:image:height\" content=\"720\" \/>\n\t<meta property=\"og:image:type\" content=\"image\/jpeg\" \/>\n<meta name=\"twitter:card\" content=\"summary_large_image\" \/>\n<meta name=\"twitter:creator\" content=\"@krakowfilmfest\" \/>\n<meta name=\"twitter:site\" content=\"@krakowfilmfest\" \/>\n<meta name=\"twitter:label1\" content=\"Written by\" \/>\n\t<meta name=\"twitter:data1\" content=\"Magdalena Walo\" \/>\n\t<meta name=\"twitter:label2\" content=\"Est. reading time\" \/>\n\t<meta name=\"twitter:data2\" content=\"5 minutes\" \/>\n<script type=\"application\/ld+json\" class=\"yoast-schema-graph\">{\"@context\":\"https:\/\/schema.org\",\"@graph\":[{\"@type\":\"Organization\",\"@id\":\"https:\/\/www.krakowfilmfestival.pl\/en\/#organization\",\"name\":\"Krakowski Festiwal Filmowy\",\"url\":\"https:\/\/www.krakowfilmfestival.pl\/en\/\",\"sameAs\":[\"https:\/\/www.instagram.com\/krakowfilmfestival\/\",\"https:\/\/www.youtube.com\/user\/KrakowFilmFoundation\",\"https:\/\/pl.wikipedia.org\/wiki\/Krakowski_Festiwal_Filmowy\",\"https:\/\/www.facebook.com\/krakowfilmfest\/\",\"https:\/\/twitter.com\/krakowfilmfest\"],\"logo\":{\"@type\":\"ImageObject\",\"inLanguage\":\"en-US\",\"@id\":\"https:\/\/www.krakowfilmfestival.pl\/en\/#\/schema\/logo\/image\/\",\"url\":\"https:\/\/www.krakowfilmfestival.pl\/wp-content\/uploads\/2024\/03\/logokff_uniwersalne.jpg\",\"contentUrl\":\"https:\/\/www.krakowfilmfestival.pl\/wp-content\/uploads\/2024\/03\/logokff_uniwersalne.jpg\",\"width\":1241,\"height\":699,\"caption\":\"Krakowski Festiwal Filmowy\"},\"image\":{\"@id\":\"https:\/\/www.krakowfilmfestival.pl\/en\/#\/schema\/logo\/image\/\"}},{\"@type\":\"WebSite\",\"@id\":\"https:\/\/www.krakowfilmfestival.pl\/en\/#website\",\"url\":\"https:\/\/www.krakowfilmfestival.pl\/en\/\",\"name\":\"Krakow Film Festival\",\"description\":\"In Cracow since 1961\",\"publisher\":{\"@id\":\"https:\/\/www.krakowfilmfestival.pl\/en\/#organization\"},\"potentialAction\":[{\"@type\":\"SearchAction\",\"target\":{\"@type\":\"EntryPoint\",\"urlTemplate\":\"https:\/\/www.krakowfilmfestival.pl\/en\/?s={search_term_string}\"},\"query-input\":\"required name=search_term_string\"}],\"inLanguage\":\"en-US\"},{\"@type\":\"ImageObject\",\"inLanguage\":\"en-US\",\"@id\":\"https:\/\/www.krakowfilmfestival.pl\/en\/na-krancach-swiata-przedstawiamy-ostatnie-tytuly-z-miedzynarodowego-konkursu-dokumentalnego\/#primaryimage\",\"url\":\"https:\/\/www.krakowfilmfestival.pl\/wp-content\/uploads\/2026\/04\/tam-gdzie-wracaja-bociany-1.jpg\",\"contentUrl\":\"https:\/\/www.krakowfilmfestival.pl\/wp-content\/uploads\/2026\/04\/tam-gdzie-wracaja-bociany-1.jpg\",\"width\":1280,\"height\":720},{\"@type\":\"WebPage\",\"@id\":\"https:\/\/www.krakowfilmfestival.pl\/en\/na-krancach-swiata-przedstawiamy-ostatnie-tytuly-z-miedzynarodowego-konkursu-dokumentalnego\/#webpage\",\"url\":\"https:\/\/www.krakowfilmfestival.pl\/en\/na-krancach-swiata-przedstawiamy-ostatnie-tytuly-z-miedzynarodowego-konkursu-dokumentalnego\/\",\"name\":\"Na kra\u0144cach \u015bwiata. Przedstawiamy ostatnie tytu\u0142y z Mi\u0119dzynarodowego Konkursu Dokumentalnego - Krakow Film Festival\",\"isPartOf\":{\"@id\":\"https:\/\/www.krakowfilmfestival.pl\/en\/#website\"},\"primaryImageOfPage\":{\"@id\":\"https:\/\/www.krakowfilmfestival.pl\/en\/na-krancach-swiata-przedstawiamy-ostatnie-tytuly-z-miedzynarodowego-konkursu-dokumentalnego\/#primaryimage\"},\"datePublished\":\"2026-04-28T07:58:14+00:00\",\"dateModified\":\"2026-04-28T08:01:22+00:00\",\"description\":\"Podczas gdy jedni marz\u0105 o wyrwaniu si\u0119 w wielki \u015bwiat, inni uciekaj\u0105 przed jego l\u0119kami jak najdalej, szukaj\u0105 w\u0142asnego miejsca albo uparcie trwaj\u0105 w ma\u0142ych ojczyznach, kt\u00f3rych nie chc\u0105 opuszcza\u0107. Ostatnie znakomite tytu\u0142y z Mi\u0119dzynarodowego Konkursu Dokumentalnego prowadz\u0105 nas od wyludniaj\u0105cych si\u0119 wiosek Macedonii, przez odosobnion\u0105 wysp\u0119 Tristan, po paragwajskie enklawy budowane przez bogatych Europejczyk\u00f3w, ods\u0142aniaj\u0105c spo\u0142eczne i ekonomiczne nier\u00f3wno\u015bci oraz p\u0119kni\u0119cia wsp\u00f3\u0142czesnego \u015bwiata. To kino przenikliwe i formalnie odwa\u017cne, kt\u00f3re konfrontuje marzenia z rzeczywisto\u015bci\u0105, stawiaj\u0105c pytania o samotno\u015b\u0107, wykluczenie oraz cen\u0119 \u017cycia na najodleglejszych zak\u0105tkach globu.\",\"breadcrumb\":{\"@id\":\"https:\/\/www.krakowfilmfestival.pl\/en\/na-krancach-swiata-przedstawiamy-ostatnie-tytuly-z-miedzynarodowego-konkursu-dokumentalnego\/#breadcrumb\"},\"inLanguage\":\"en-US\",\"potentialAction\":[{\"@type\":\"ReadAction\",\"target\":[\"https:\/\/www.krakowfilmfestival.pl\/en\/na-krancach-swiata-przedstawiamy-ostatnie-tytuly-z-miedzynarodowego-konkursu-dokumentalnego\/\"]}]},{\"@type\":\"BreadcrumbList\",\"@id\":\"https:\/\/www.krakowfilmfestival.pl\/en\/na-krancach-swiata-przedstawiamy-ostatnie-tytuly-z-miedzynarodowego-konkursu-dokumentalnego\/#breadcrumb\",\"itemListElement\":[{\"@type\":\"ListItem\",\"position\":1,\"name\":\"Strona g\u0142\u00f3wna\",\"item\":\"https:\/\/www.krakowfilmfestival.pl\/en\/\"},{\"@type\":\"ListItem\",\"position\":2,\"name\":\"Na kra\u0144cach \u015bwiata. Przedstawiamy ostatnie tytu\u0142y z Mi\u0119dzynarodowego Konkursu Dokumentalnego\"}]},{\"@type\":\"Article\",\"@id\":\"https:\/\/www.krakowfilmfestival.pl\/en\/na-krancach-swiata-przedstawiamy-ostatnie-tytuly-z-miedzynarodowego-konkursu-dokumentalnego\/#article\",\"isPartOf\":{\"@id\":\"https:\/\/www.krakowfilmfestival.pl\/en\/na-krancach-swiata-przedstawiamy-ostatnie-tytuly-z-miedzynarodowego-konkursu-dokumentalnego\/#webpage\"},\"author\":{\"@id\":\"https:\/\/www.krakowfilmfestival.pl\/en\/#\/schema\/person\/8f0b9cb0d9fdcfa328c336cca8d78e0c\"},\"headline\":\"Na kra\u0144cach \u015bwiata. Przedstawiamy ostatnie tytu\u0142y z Mi\u0119dzynarodowego Konkursu Dokumentalnego\",\"datePublished\":\"2026-04-28T07:58:14+00:00\",\"dateModified\":\"2026-04-28T08:01:22+00:00\",\"mainEntityOfPage\":{\"@id\":\"https:\/\/www.krakowfilmfestival.pl\/en\/na-krancach-swiata-przedstawiamy-ostatnie-tytuly-z-miedzynarodowego-konkursu-dokumentalnego\/#webpage\"},\"wordCount\":651,\"publisher\":{\"@id\":\"https:\/\/www.krakowfilmfestival.pl\/en\/#organization\"},\"image\":{\"@id\":\"https:\/\/www.krakowfilmfestival.pl\/en\/na-krancach-swiata-przedstawiamy-ostatnie-tytuly-z-miedzynarodowego-konkursu-dokumentalnego\/#primaryimage\"},\"thumbnailUrl\":\"https:\/\/www.krakowfilmfestival.pl\/wp-content\/uploads\/2026\/04\/tam-gdzie-wracaja-bociany-1.jpg\",\"keywords\":[\"_insider\",\"66kff\",\"blisko raju\",\"film\",\"Krakow Film Festival\",\"mi\u0119dzynarodowy konkurs dokument\u00f3w muzycznych\",\"na zawsze tristan\",\"tam gdzie wracaj\u0105 bociany\"],\"articleSection\":[\"News\"],\"inLanguage\":\"en-US\"},{\"@type\":\"Person\",\"@id\":\"https:\/\/www.krakowfilmfestival.pl\/en\/#\/schema\/person\/8f0b9cb0d9fdcfa328c336cca8d78e0c\",\"name\":\"Magdalena Walo\",\"image\":{\"@type\":\"ImageObject\",\"inLanguage\":\"en-US\",\"@id\":\"https:\/\/www.krakowfilmfestival.pl\/en\/#\/schema\/person\/image\/\",\"url\":\"https:\/\/secure.gravatar.com\/avatar\/073baf015d711869e03437cd32f45a61?s=96&d=mm&r=g\",\"contentUrl\":\"https:\/\/secure.gravatar.com\/avatar\/073baf015d711869e03437cd32f45a61?s=96&d=mm&r=g\",\"caption\":\"Magdalena Walo\"}}]}<\/script>\n<!-- \/ Yoast SEO plugin. -->","yoast_head_json":{"title":"Na kra\u0144cach \u015bwiata. Przedstawiamy ostatnie tytu\u0142y z Mi\u0119dzynarodowego Konkursu Dokumentalnego - Krakow Film Festival","description":"Podczas gdy jedni marz\u0105 o wyrwaniu si\u0119 w wielki \u015bwiat, inni uciekaj\u0105 przed jego l\u0119kami jak najdalej, szukaj\u0105 w\u0142asnego miejsca albo uparcie trwaj\u0105 w ma\u0142ych ojczyznach, kt\u00f3rych nie chc\u0105 opuszcza\u0107. Ostatnie znakomite tytu\u0142y z Mi\u0119dzynarodowego Konkursu Dokumentalnego prowadz\u0105 nas od wyludniaj\u0105cych si\u0119 wiosek Macedonii, przez odosobnion\u0105 wysp\u0119 Tristan, po paragwajskie enklawy budowane przez bogatych Europejczyk\u00f3w, ods\u0142aniaj\u0105c spo\u0142eczne i ekonomiczne nier\u00f3wno\u015bci oraz p\u0119kni\u0119cia wsp\u00f3\u0142czesnego \u015bwiata. To kino przenikliwe i formalnie odwa\u017cne, kt\u00f3re konfrontuje marzenia z rzeczywisto\u015bci\u0105, stawiaj\u0105c pytania o samotno\u015b\u0107, wykluczenie oraz cen\u0119 \u017cycia na najodleglejszych zak\u0105tkach globu.","robots":{"index":"index","follow":"follow","max-snippet":"max-snippet:-1","max-image-preview":"max-image-preview:large","max-video-preview":"max-video-preview:-1"},"canonical":"https:\/\/www.krakowfilmfestival.pl\/en\/na-krancach-swiata-przedstawiamy-ostatnie-tytuly-z-miedzynarodowego-konkursu-dokumentalnego\/","og_locale":"en_US","og_type":"article","og_title":"Na kra\u0144cach \u015bwiata. Przedstawiamy ostatnie tytu\u0142y z Mi\u0119dzynarodowego Konkursu Dokumentalnego - Krakow Film Festival","og_description":"Podczas gdy jedni marz\u0105 o wyrwaniu si\u0119 w wielki \u015bwiat, inni uciekaj\u0105 przed jego l\u0119kami jak najdalej, szukaj\u0105 w\u0142asnego miejsca albo uparcie trwaj\u0105 w ma\u0142ych ojczyznach, kt\u00f3rych nie chc\u0105 opuszcza\u0107. Ostatnie znakomite tytu\u0142y z Mi\u0119dzynarodowego Konkursu Dokumentalnego prowadz\u0105 nas od wyludniaj\u0105cych si\u0119 wiosek Macedonii, przez odosobnion\u0105 wysp\u0119 Tristan, po paragwajskie enklawy budowane przez bogatych Europejczyk\u00f3w, ods\u0142aniaj\u0105c spo\u0142eczne i ekonomiczne nier\u00f3wno\u015bci oraz p\u0119kni\u0119cia wsp\u00f3\u0142czesnego \u015bwiata. To kino przenikliwe i formalnie odwa\u017cne, kt\u00f3re konfrontuje marzenia z rzeczywisto\u015bci\u0105, stawiaj\u0105c pytania o samotno\u015b\u0107, wykluczenie oraz cen\u0119 \u017cycia na najodleglejszych zak\u0105tkach globu.","og_url":"https:\/\/www.krakowfilmfestival.pl\/en\/na-krancach-swiata-przedstawiamy-ostatnie-tytuly-z-miedzynarodowego-konkursu-dokumentalnego\/","og_site_name":"Krakow Film Festival","article_publisher":"https:\/\/www.facebook.com\/krakowfilmfest\/","article_published_time":"2026-04-28T07:58:14+00:00","article_modified_time":"2026-04-28T08:01:22+00:00","og_image":[{"width":1280,"height":720,"url":"https:\/\/www.krakowfilmfestival.pl\/wp-content\/uploads\/2026\/04\/tam-gdzie-wracaja-bociany-1.jpg","type":"image\/jpeg"}],"twitter_card":"summary_large_image","twitter_creator":"@krakowfilmfest","twitter_site":"@krakowfilmfest","twitter_misc":{"Written by":"Magdalena Walo","Est. reading time":"5 minutes"},"schema":{"@context":"https:\/\/schema.org","@graph":[{"@type":"Organization","@id":"https:\/\/www.krakowfilmfestival.pl\/en\/#organization","name":"Krakowski Festiwal Filmowy","url":"https:\/\/www.krakowfilmfestival.pl\/en\/","sameAs":["https:\/\/www.instagram.com\/krakowfilmfestival\/","https:\/\/www.youtube.com\/user\/KrakowFilmFoundation","https:\/\/pl.wikipedia.org\/wiki\/Krakowski_Festiwal_Filmowy","https:\/\/www.facebook.com\/krakowfilmfest\/","https:\/\/twitter.com\/krakowfilmfest"],"logo":{"@type":"ImageObject","inLanguage":"en-US","@id":"https:\/\/www.krakowfilmfestival.pl\/en\/#\/schema\/logo\/image\/","url":"https:\/\/www.krakowfilmfestival.pl\/wp-content\/uploads\/2024\/03\/logokff_uniwersalne.jpg","contentUrl":"https:\/\/www.krakowfilmfestival.pl\/wp-content\/uploads\/2024\/03\/logokff_uniwersalne.jpg","width":1241,"height":699,"caption":"Krakowski Festiwal Filmowy"},"image":{"@id":"https:\/\/www.krakowfilmfestival.pl\/en\/#\/schema\/logo\/image\/"}},{"@type":"WebSite","@id":"https:\/\/www.krakowfilmfestival.pl\/en\/#website","url":"https:\/\/www.krakowfilmfestival.pl\/en\/","name":"Krakow Film Festival","description":"In Cracow since 1961","publisher":{"@id":"https:\/\/www.krakowfilmfestival.pl\/en\/#organization"},"potentialAction":[{"@type":"SearchAction","target":{"@type":"EntryPoint","urlTemplate":"https:\/\/www.krakowfilmfestival.pl\/en\/?s={search_term_string}"},"query-input":"required name=search_term_string"}],"inLanguage":"en-US"},{"@type":"ImageObject","inLanguage":"en-US","@id":"https:\/\/www.krakowfilmfestival.pl\/en\/na-krancach-swiata-przedstawiamy-ostatnie-tytuly-z-miedzynarodowego-konkursu-dokumentalnego\/#primaryimage","url":"https:\/\/www.krakowfilmfestival.pl\/wp-content\/uploads\/2026\/04\/tam-gdzie-wracaja-bociany-1.jpg","contentUrl":"https:\/\/www.krakowfilmfestival.pl\/wp-content\/uploads\/2026\/04\/tam-gdzie-wracaja-bociany-1.jpg","width":1280,"height":720},{"@type":"WebPage","@id":"https:\/\/www.krakowfilmfestival.pl\/en\/na-krancach-swiata-przedstawiamy-ostatnie-tytuly-z-miedzynarodowego-konkursu-dokumentalnego\/#webpage","url":"https:\/\/www.krakowfilmfestival.pl\/en\/na-krancach-swiata-przedstawiamy-ostatnie-tytuly-z-miedzynarodowego-konkursu-dokumentalnego\/","name":"Na kra\u0144cach \u015bwiata. Przedstawiamy ostatnie tytu\u0142y z Mi\u0119dzynarodowego Konkursu Dokumentalnego - Krakow Film Festival","isPartOf":{"@id":"https:\/\/www.krakowfilmfestival.pl\/en\/#website"},"primaryImageOfPage":{"@id":"https:\/\/www.krakowfilmfestival.pl\/en\/na-krancach-swiata-przedstawiamy-ostatnie-tytuly-z-miedzynarodowego-konkursu-dokumentalnego\/#primaryimage"},"datePublished":"2026-04-28T07:58:14+00:00","dateModified":"2026-04-28T08:01:22+00:00","description":"Podczas gdy jedni marz\u0105 o wyrwaniu si\u0119 w wielki \u015bwiat, inni uciekaj\u0105 przed jego l\u0119kami jak najdalej, szukaj\u0105 w\u0142asnego miejsca albo uparcie trwaj\u0105 w ma\u0142ych ojczyznach, kt\u00f3rych nie chc\u0105 opuszcza\u0107. Ostatnie znakomite tytu\u0142y z Mi\u0119dzynarodowego Konkursu Dokumentalnego prowadz\u0105 nas od wyludniaj\u0105cych si\u0119 wiosek Macedonii, przez odosobnion\u0105 wysp\u0119 Tristan, po paragwajskie enklawy budowane przez bogatych Europejczyk\u00f3w, ods\u0142aniaj\u0105c spo\u0142eczne i ekonomiczne nier\u00f3wno\u015bci oraz p\u0119kni\u0119cia wsp\u00f3\u0142czesnego \u015bwiata. To kino przenikliwe i formalnie odwa\u017cne, kt\u00f3re konfrontuje marzenia z rzeczywisto\u015bci\u0105, stawiaj\u0105c pytania o samotno\u015b\u0107, wykluczenie oraz cen\u0119 \u017cycia na najodleglejszych zak\u0105tkach globu.","breadcrumb":{"@id":"https:\/\/www.krakowfilmfestival.pl\/en\/na-krancach-swiata-przedstawiamy-ostatnie-tytuly-z-miedzynarodowego-konkursu-dokumentalnego\/#breadcrumb"},"inLanguage":"en-US","potentialAction":[{"@type":"ReadAction","target":["https:\/\/www.krakowfilmfestival.pl\/en\/na-krancach-swiata-przedstawiamy-ostatnie-tytuly-z-miedzynarodowego-konkursu-dokumentalnego\/"]}]},{"@type":"BreadcrumbList","@id":"https:\/\/www.krakowfilmfestival.pl\/en\/na-krancach-swiata-przedstawiamy-ostatnie-tytuly-z-miedzynarodowego-konkursu-dokumentalnego\/#breadcrumb","itemListElement":[{"@type":"ListItem","position":1,"name":"Strona g\u0142\u00f3wna","item":"https:\/\/www.krakowfilmfestival.pl\/en\/"},{"@type":"ListItem","position":2,"name":"Na kra\u0144cach \u015bwiata. Przedstawiamy ostatnie tytu\u0142y z Mi\u0119dzynarodowego Konkursu Dokumentalnego"}]},{"@type":"Article","@id":"https:\/\/www.krakowfilmfestival.pl\/en\/na-krancach-swiata-przedstawiamy-ostatnie-tytuly-z-miedzynarodowego-konkursu-dokumentalnego\/#article","isPartOf":{"@id":"https:\/\/www.krakowfilmfestival.pl\/en\/na-krancach-swiata-przedstawiamy-ostatnie-tytuly-z-miedzynarodowego-konkursu-dokumentalnego\/#webpage"},"author":{"@id":"https:\/\/www.krakowfilmfestival.pl\/en\/#\/schema\/person\/8f0b9cb0d9fdcfa328c336cca8d78e0c"},"headline":"Na kra\u0144cach \u015bwiata. Przedstawiamy ostatnie tytu\u0142y z Mi\u0119dzynarodowego Konkursu Dokumentalnego","datePublished":"2026-04-28T07:58:14+00:00","dateModified":"2026-04-28T08:01:22+00:00","mainEntityOfPage":{"@id":"https:\/\/www.krakowfilmfestival.pl\/en\/na-krancach-swiata-przedstawiamy-ostatnie-tytuly-z-miedzynarodowego-konkursu-dokumentalnego\/#webpage"},"wordCount":651,"publisher":{"@id":"https:\/\/www.krakowfilmfestival.pl\/en\/#organization"},"image":{"@id":"https:\/\/www.krakowfilmfestival.pl\/en\/na-krancach-swiata-przedstawiamy-ostatnie-tytuly-z-miedzynarodowego-konkursu-dokumentalnego\/#primaryimage"},"thumbnailUrl":"https:\/\/www.krakowfilmfestival.pl\/wp-content\/uploads\/2026\/04\/tam-gdzie-wracaja-bociany-1.jpg","keywords":["_insider","66kff","blisko raju","film","Krakow Film Festival","mi\u0119dzynarodowy konkurs dokument\u00f3w muzycznych","na zawsze tristan","tam gdzie wracaj\u0105 bociany"],"articleSection":["News"],"inLanguage":"en-US"},{"@type":"Person","@id":"https:\/\/www.krakowfilmfestival.pl\/en\/#\/schema\/person\/8f0b9cb0d9fdcfa328c336cca8d78e0c","name":"Magdalena Walo","image":{"@type":"ImageObject","inLanguage":"en-US","@id":"https:\/\/www.krakowfilmfestival.pl\/en\/#\/schema\/person\/image\/","url":"https:\/\/secure.gravatar.com\/avatar\/073baf015d711869e03437cd32f45a61?s=96&d=mm&r=g","contentUrl":"https:\/\/secure.gravatar.com\/avatar\/073baf015d711869e03437cd32f45a61?s=96&d=mm&r=g","caption":"Magdalena Walo"}}]}},"_links":{"self":[{"href":"https:\/\/www.krakowfilmfestival.pl\/en\/wp-json\/wp\/v2\/posts\/74877"}],"collection":[{"href":"https:\/\/www.krakowfilmfestival.pl\/en\/wp-json\/wp\/v2\/posts"}],"about":[{"href":"https:\/\/www.krakowfilmfestival.pl\/en\/wp-json\/wp\/v2\/types\/post"}],"author":[{"embeddable":true,"href":"https:\/\/www.krakowfilmfestival.pl\/en\/wp-json\/wp\/v2\/users\/12"}],"replies":[{"embeddable":true,"href":"https:\/\/www.krakowfilmfestival.pl\/en\/wp-json\/wp\/v2\/comments?post=74877"}],"version-history":[{"count":3,"href":"https:\/\/www.krakowfilmfestival.pl\/en\/wp-json\/wp\/v2\/posts\/74877\/revisions"}],"predecessor-version":[{"id":74880,"href":"https:\/\/www.krakowfilmfestival.pl\/en\/wp-json\/wp\/v2\/posts\/74877\/revisions\/74880"}],"wp:featuredmedia":[{"embeddable":true,"href":"https:\/\/www.krakowfilmfestival.pl\/en\/wp-json\/wp\/v2\/media\/74385"}],"wp:attachment":[{"href":"https:\/\/www.krakowfilmfestival.pl\/en\/wp-json\/wp\/v2\/media?parent=74877"}],"wp:term":[{"taxonomy":"category","embeddable":true,"href":"https:\/\/www.krakowfilmfestival.pl\/en\/wp-json\/wp\/v2\/categories?post=74877"},{"taxonomy":"post_tag","embeddable":true,"href":"https:\/\/www.krakowfilmfestival.pl\/en\/wp-json\/wp\/v2\/tags?post=74877"}],"curies":[{"name":"wp","href":"https:\/\/api.w.org\/{rel}","templated":true}]}}